{"id":8407,"date":"2015-01-23T06:20:19","date_gmt":"2015-01-23T04:20:19","guid":{"rendered":"http:\/\/www.portaldelolleria.es\/?p=8407"},"modified":"2015-01-23T06:20:19","modified_gmt":"2015-01-23T04:20:19","slug":"jornada-puertas-abiertas-escola-de-basquet","status":"publish","type":"post","link":"http:\/\/www.portaldelolleria.es\/?p=8407","title":{"rendered":"Jornada puertas abiertas Escola de B\u00e0squet"},"content":{"rendered":"<p>&nbsp;<\/p>\n<p><a href=\"http:\/\/www.portaldelolleria.es\/wp-content\/uploads\/2015\/01\/BASQUET8.jpg\"><img loading=\"lazy\" class=\"aligncenter size-full wp-image-8408\" title=\"BASQUET8\" src=\"http:\/\/www.portaldelolleria.es\/wp-content\/uploads\/2015\/01\/BASQUET8.jpg\" alt=\"\" width=\"598\" height=\"398\" srcset=\"http:\/\/www.portaldelolleria.es\/wp-content\/uploads\/2015\/01\/BASQUET8.jpg 598w, http:\/\/www.portaldelolleria.es\/wp-content\/uploads\/2015\/01\/BASQUET8-300x199.jpg 300w\" sizes=\"(max-width: 598px) 100vw, 598px\" \/><\/a><\/p>\n<p>El pasado jueves 15 de enero, tuvo lugar en el pabell\u00f3n de La Solana la primera jornada de puertas abiertas para ni\u00f1os de 3 y 4 a\u00f1os de esta temporada por parte de la Escuela de Baloncesto de l&#8217;Olleria.<\/p>\n<p>Nuestros ni\u00f1os y ni\u00f1as del grupo babie (4 y 5 a\u00f1os) recibieron de muy buen gusto a los nuevos ni\u00f1os asistentes en una jornada que estuvo presidida por el juego y la diversi\u00f3n. La sesi\u00f3n estuvo dirigida por su entrenador habitual, Daniel Semper y la colaboraci\u00f3n de Victor S\u00e1nchez.<\/p>\n<p>En estas jornadas, intentamos que nuevos ni\u00f1os y ni\u00f1as y nuevos padres y madres conozcan la Escuela de Baloncesto mediante el grupo de los m\u00e1s peque\u00f1os. Estos llevan a cabo el ejercicio f\u00edsico con vistas al desarrollo de la psicomotricidad, la coordinaci\u00f3n y el compa\u00f1erismo.<\/p>\n<p>Vista la gran aceptaci\u00f3n recibida, por el n\u00famero de ni\u00f1os y para la posterior demanda de informaci\u00f3n para inscribirse, no ser\u00e1 la \u00faltima jornada del a\u00f1o.<\/p>\n<p>Estamos presentes en l\u00ednea mediante nuestro blog (basketalolleria.wordpress.com) y las redes sociales, donde pueden verse dos v\u00eddeos de las actividades de esta jornada.<\/p>\n","protected":false},"excerpt":{"rendered":"<p>&nbsp; El pasado jueves 15 de enero, tuvo lugar en el pabell\u00f3n de La Solana la primera jornada de puertas abiertas para ni\u00f1os de 3 y 4 a\u00f1os de esta temporada por parte de la Escuela de Baloncesto de l&#8217;Olleria. Nuestros ni\u00f1os y ni\u00f1as del grupo babie (4 y 5 a\u00f1os) recibieron de muy buen [&hellip;]<\/p>\n","protected":false},"author":1,"featured_media":0,"comment_status":"closed","ping_status":"open","sticky":false,"template":"","format":"standard","meta":{"_monsterinsights_skip_tracking":false,"_monsterinsights_sitenote_active":false,"_monsterinsights_sitenote_note":"","_monsterinsights_sitenote_category":0},"categories":[9,12],"tags":[1309,215,216,246,20],"_links":{"self":[{"href":"http:\/\/www.portaldelolleria.es\/index.php?rest_route=\/wp\/v2\/posts\/8407"}],"collection":[{"href":"http:\/\/www.portaldelolleria.es\/index.php?rest_route=\/wp\/v2\/posts"}],"about":[{"href":"http:\/\/www.portaldelolleria.es\/index.php?rest_route=\/wp\/v2\/types\/post"}],"author":[{"embeddable":true,"href":"http:\/\/www.portaldelolleria.es\/index.php?rest_route=\/wp\/v2\/users\/1"}],"replies":[{"embeddable":true,"href":"http:\/\/www.portaldelolleria.es\/index.php?rest_route=%2Fwp%2Fv2%2Fcomments&post=8407"}],"version-history":[{"count":1,"href":"http:\/\/www.portaldelolleria.es\/index.php?rest_route=\/wp\/v2\/posts\/8407\/revisions"}],"predecessor-version":[{"id":8409,"href":"http:\/\/www.portaldelolleria.es\/index.php?rest_route=\/wp\/v2\/posts\/8407\/revisions\/8409"}],"wp:attachment":[{"href":"http:\/\/www.portaldelolleria.es\/index.php?rest_route=%2Fwp%2Fv2%2Fmedia&parent=8407"}],"wp:term":[{"taxonomy":"category","embeddable":true,"href":"http:\/\/www.portaldelolleria.es\/index.php?rest_route=%2Fwp%2Fv2%2Fcategories&post=8407"},{"taxonomy":"post_tag","embeddable":true,"href":"http:\/\/www.portaldelolleria.es\/index.php?rest_route=%2Fwp%2Fv2%2Ftags&post=8407"}],"curies":[{"name":"wp","href":"https:\/\/api.w.org\/{rel}","templated":true}]}}