{"id":8426,"date":"2015-01-23T22:27:45","date_gmt":"2015-01-23T20:27:45","guid":{"rendered":"http:\/\/www.portaldelolleria.es\/?p=8426"},"modified":"2015-01-23T22:27:45","modified_gmt":"2015-01-23T20:27:45","slug":"la-atencion-personalizada-en-el-servef-sera-con-cita-previa","status":"publish","type":"post","link":"http:\/\/www.portaldelolleria.es\/?p=8426","title":{"rendered":"La atenci\u00f3n personalizada en el Servef, ser\u00e1 con cita previa"},"content":{"rendered":"<p><a href=\"http:\/\/www.portaldelolleria.es\/wp-content\/uploads\/2015\/01\/servef31.jpg\"><img loading=\"lazy\" class=\"aligncenter size-full wp-image-8429\" title=\"servef3\" src=\"http:\/\/www.portaldelolleria.es\/wp-content\/uploads\/2015\/01\/servef31.jpg\" alt=\"\" width=\"598\" height=\"398\" srcset=\"http:\/\/www.portaldelolleria.es\/wp-content\/uploads\/2015\/01\/servef31.jpg 598w, http:\/\/www.portaldelolleria.es\/wp-content\/uploads\/2015\/01\/servef31-300x199.jpg 300w\" sizes=\"(max-width: 598px) 100vw, 598px\" \/><\/a><\/p>\n<p><strong><em><span style=\"text-decoration: underline;\">La Concejal\u00eda de Promoci\u00f3n Econ\u00f3mica y Empleo informa:<\/span><\/em><\/strong><\/p>\n<p>&nbsp;<\/p>\n<ul>\n<li><span style=\"text-decoration: underline;\">DESDE EL DIA 22 DE ENERO DE 2015, EL CENTRO SERVEF DE EMPLEO DE ONTINYENT, REALIZAR\u00c1 LA ATENCI\u00d3N PERSONALIZADA A LOS DESEMPLEADOS MEDIANTE\u00a0 CITA PREVIA.<\/span><\/li>\n<\/ul>\n<p><span style=\"text-decoration: underline;\">\u00a0<\/span><\/p>\n<ul>\n<li>La cita previa se concertara via telem\u00e1tica a trav\u00e9s de internet en <strong><a href=\"http:\/\/www.servef.es\">www.servef.es<\/a>,<\/strong> \u00a0en los <strong>cajeros AUTOSERVEF (planta baja del Ayuntamiento de L\u00b4Olleria )<\/strong> o a trav\u00e9s del n\u00famero de <strong>tel\u00e9fono 012.<\/strong><\/li>\n<\/ul>\n<p><a href=\"http:\/\/www.portaldelolleria.es\/wp-content\/uploads\/2015\/01\/autoservef.jpg\"><img loading=\"lazy\" class=\"aligncenter size-full wp-image-8428\" title=\"autoservef\" src=\"http:\/\/www.portaldelolleria.es\/wp-content\/uploads\/2015\/01\/autoservef.jpg\" alt=\"\" width=\"598\" height=\"422\" srcset=\"http:\/\/www.portaldelolleria.es\/wp-content\/uploads\/2015\/01\/autoservef.jpg 700w, http:\/\/www.portaldelolleria.es\/wp-content\/uploads\/2015\/01\/autoservef-300x211.jpg 300w\" sizes=\"(max-width: 598px) 100vw, 598px\" \/><\/a><\/p>\n","protected":false},"excerpt":{"rendered":"<p>La Concejal\u00eda de Promoci\u00f3n Econ\u00f3mica y Empleo informa: &nbsp; DESDE EL DIA 22 DE ENERO DE 2015, EL CENTRO SERVEF DE EMPLEO DE ONTINYENT, REALIZAR\u00c1 LA ATENCI\u00d3N PERSONALIZADA A LOS DESEMPLEADOS MEDIANTE\u00a0 CITA PREVIA. \u00a0 La cita previa se concertara via telem\u00e1tica a trav\u00e9s de internet en www.servef.es, \u00a0en los cajeros AUTOSERVEF (planta baja del [&hellip;]<\/p>\n","protected":false},"author":1,"featured_media":0,"comment_status":"closed","ping_status":"open","sticky":false,"template":"","format":"standard","meta":{"_monsterinsights_skip_tracking":false,"_monsterinsights_sitenote_active":false,"_monsterinsights_sitenote_note":"","_monsterinsights_sitenote_category":0},"categories":[11,12],"tags":[239,1312,238],"_links":{"self":[{"href":"http:\/\/www.portaldelolleria.es\/index.php?rest_route=\/wp\/v2\/posts\/8426"}],"collection":[{"href":"http:\/\/www.portaldelolleria.es\/index.php?rest_route=\/wp\/v2\/posts"}],"about":[{"href":"http:\/\/www.portaldelolleria.es\/index.php?rest_route=\/wp\/v2\/types\/post"}],"author":[{"embeddable":true,"href":"http:\/\/www.portaldelolleria.es\/index.php?rest_route=\/wp\/v2\/users\/1"}],"replies":[{"embeddable":true,"href":"http:\/\/www.portaldelolleria.es\/index.php?rest_route=%2Fwp%2Fv2%2Fcomments&post=8426"}],"version-history":[{"count":1,"href":"http:\/\/www.portaldelolleria.es\/index.php?rest_route=\/wp\/v2\/posts\/8426\/revisions"}],"predecessor-version":[{"id":8430,"href":"http:\/\/www.portaldelolleria.es\/index.php?rest_route=\/wp\/v2\/posts\/8426\/revisions\/8430"}],"wp:attachment":[{"href":"http:\/\/www.portaldelolleria.es\/index.php?rest_route=%2Fwp%2Fv2%2Fmedia&parent=8426"}],"wp:term":[{"taxonomy":"category","embeddable":true,"href":"http:\/\/www.portaldelolleria.es\/index.php?rest_route=%2Fwp%2Fv2%2Fcategories&post=8426"},{"taxonomy":"post_tag","embeddable":true,"href":"http:\/\/www.portaldelolleria.es\/index.php?rest_route=%2Fwp%2Fv2%2Ftags&post=8426"}],"curies":[{"name":"wp","href":"https:\/\/api.w.org\/{rel}","templated":true}]}}