{"id":8431,"date":"2015-01-24T12:09:41","date_gmt":"2015-01-24T10:09:41","guid":{"rendered":"http:\/\/www.portaldelolleria.es\/?p=8431"},"modified":"2015-01-24T19:02:51","modified_gmt":"2015-01-24T17:02:51","slug":"la-casa-santonja-recibe-la-visita-de-un-grupo-de-profesores-del-instituto-josep-de-ribera-xativa","status":"publish","type":"post","link":"http:\/\/www.portaldelolleria.es\/?p=8431","title":{"rendered":"La Casa Santonja recibe la visita de un grupo de profesores del Instituto Josep de Ribera (X\u00e1tiva)"},"content":{"rendered":"<p>&nbsp;<\/p>\n<p><a href=\"http:\/\/www.portaldelolleria.es\/wp-content\/uploads\/2015\/01\/visita2.jpg\"><img loading=\"lazy\" class=\"aligncenter size-full wp-image-8433\" title=\"visita2\" src=\"http:\/\/www.portaldelolleria.es\/wp-content\/uploads\/2015\/01\/visita2.jpg\" alt=\"\" width=\"598\" height=\"398\" srcset=\"http:\/\/www.portaldelolleria.es\/wp-content\/uploads\/2015\/01\/visita2.jpg 598w, http:\/\/www.portaldelolleria.es\/wp-content\/uploads\/2015\/01\/visita2-300x199.jpg 300w\" sizes=\"(max-width: 598px) 100vw, 598px\" \/><\/a>Los profesores del instituto \u00abJos\u00e9 de Ribera\u00bb de X\u00e0tiva han visitado la Casa Santonja de L&#8217;Olleria. El Concejal de Fiestas, Patrimonio y Turismo, Juan Ricardo Ruano Cortes, junto con el Concejal de promoci\u00f3n econ\u00f3mica, Jes\u00fas Engo han dado la bienvenida a los participantes y les ha acompa\u00f1ado durante toda la jornada. En la visita, guiada por el periodista Jovi Vidal, han participado un grupo de unos 20 a 25 educadores interesados en conocer el proceso de restauraci\u00f3n de este edificio. La Casa Santonja, tambi\u00e9n conocida como el Palacio de los Marau, es una construcci\u00f3n de los siglos XVII y XVIII, que contiene unas pinturas murales y cer\u00e1micas con motivos art\u00edsticos de tradici\u00f3n valenciana.<\/p>\n<p>El IES Jos\u00e9 de Ribera de X\u00e0tiva es un centro de ESOi Bachillerato, de titularidad p\u00fablica, fundado el curso 1933-34<\/p>\n<p>El Instituto Jos\u00e9 de Ribera es uno de los m\u00e1s antiguos de la Comunidad Valenciana, ya que hasta 1965 s\u00f3lo hab\u00eda institutos en Valencia, Castell\u00f3n, Alicante, Alcoy, Requena y X\u00e0tiva.<br \/>\nDe acuerdo con la documentaci\u00f3n que se conserva en la Universidad de Valencia, fue fundado como Instituto Nacional y funcion\u00f3 desde 1868 hasta 1875. En esa \u00e9poca, entre otras personalidades, ejerci\u00f3 como profesor D. Eduardo Bosc\u00e1, fundador del Museo Paleontol\u00f3gico, y fue alumno, el futuro Cardenal, D. Enrique Reig Casanova.<br \/>\nDurante la segunda Rep\u00fablica, en 1933, tuvo lugar su refundaci\u00f3n. Esta etapa, en la que recibi\u00f3 el nombre de \u00abDoctor Simarro\u00bb, dur\u00f3 hasta 1939.<\/p>\n<p><a href=\"http:\/\/www.portaldelolleria.es\/wp-content\/uploads\/2015\/01\/visita.jpg\"><img loading=\"lazy\" class=\"aligncenter size-full wp-image-8432\" title=\"visita\" src=\"http:\/\/www.portaldelolleria.es\/wp-content\/uploads\/2015\/01\/visita.jpg\" alt=\"\" width=\"598\" height=\"398\" srcset=\"http:\/\/www.portaldelolleria.es\/wp-content\/uploads\/2015\/01\/visita.jpg 598w, http:\/\/www.portaldelolleria.es\/wp-content\/uploads\/2015\/01\/visita-300x199.jpg 300w\" sizes=\"(max-width: 598px) 100vw, 598px\" \/><\/a><\/p>\n<p><a href=\"http:\/\/www.portaldelolleria.es\/wp-content\/uploads\/2015\/01\/visita3.jpg\"><img loading=\"lazy\" class=\"aligncenter size-full wp-image-8436\" title=\"visita3\" src=\"http:\/\/www.portaldelolleria.es\/wp-content\/uploads\/2015\/01\/visita3.jpg\" alt=\"\" width=\"598\" height=\"397\" srcset=\"http:\/\/www.portaldelolleria.es\/wp-content\/uploads\/2015\/01\/visita3.jpg 1000w, http:\/\/www.portaldelolleria.es\/wp-content\/uploads\/2015\/01\/visita3-300x199.jpg 300w\" sizes=\"(max-width: 598px) 100vw, 598px\" \/><\/a><\/p>\n","protected":false},"excerpt":{"rendered":"<p>&nbsp; Los profesores del instituto \u00abJos\u00e9 de Ribera\u00bb de X\u00e0tiva han visitado la Casa Santonja de L&#8217;Olleria. El Concejal de Fiestas, Patrimonio y Turismo, Juan Ricardo Ruano Cortes, junto con el Concejal de promoci\u00f3n econ\u00f3mica, Jes\u00fas Engo han dado la bienvenida a los participantes y les ha acompa\u00f1ado durante toda la jornada. En la visita, [&hellip;]<\/p>\n","protected":false},"author":1,"featured_media":0,"comment_status":"closed","ping_status":"open","sticky":false,"template":"","format":"standard","meta":{"_monsterinsights_skip_tracking":false,"_monsterinsights_sitenote_active":false,"_monsterinsights_sitenote_note":"","_monsterinsights_sitenote_category":0},"categories":[171,12],"tags":[170,1313,92],"_links":{"self":[{"href":"http:\/\/www.portaldelolleria.es\/index.php?rest_route=\/wp\/v2\/posts\/8431"}],"collection":[{"href":"http:\/\/www.portaldelolleria.es\/index.php?rest_route=\/wp\/v2\/posts"}],"about":[{"href":"http:\/\/www.portaldelolleria.es\/index.php?rest_route=\/wp\/v2\/types\/post"}],"author":[{"embeddable":true,"href":"http:\/\/www.portaldelolleria.es\/index.php?rest_route=\/wp\/v2\/users\/1"}],"replies":[{"embeddable":true,"href":"http:\/\/www.portaldelolleria.es\/index.php?rest_route=%2Fwp%2Fv2%2Fcomments&post=8431"}],"version-history":[{"count":4,"href":"http:\/\/www.portaldelolleria.es\/index.php?rest_route=\/wp\/v2\/posts\/8431\/revisions"}],"predecessor-version":[{"id":8437,"href":"http:\/\/www.portaldelolleria.es\/index.php?rest_route=\/wp\/v2\/posts\/8431\/revisions\/8437"}],"wp:attachment":[{"href":"http:\/\/www.portaldelolleria.es\/index.php?rest_route=%2Fwp%2Fv2%2Fmedia&parent=8431"}],"wp:term":[{"taxonomy":"category","embeddable":true,"href":"http:\/\/www.portaldelolleria.es\/index.php?rest_route=%2Fwp%2Fv2%2Fcategories&post=8431"},{"taxonomy":"post_tag","embeddable":true,"href":"http:\/\/www.portaldelolleria.es\/index.php?rest_route=%2Fwp%2Fv2%2Ftags&post=8431"}],"curies":[{"name":"wp","href":"https:\/\/api.w.org\/{rel}","templated":true}]}}