{"id":8451,"date":"2015-01-25T20:48:50","date_gmt":"2015-01-25T18:48:50","guid":{"rendered":"http:\/\/www.portaldelolleria.es\/?p=8451"},"modified":"2015-01-25T21:14:44","modified_gmt":"2015-01-25T19:14:44","slug":"david-tolsa-mejor-competidor-de-la-ii-liguilla-de-taekwondo-de-la-comunitat","status":"publish","type":"post","link":"http:\/\/www.portaldelolleria.es\/?p=8451","title":{"rendered":"David Tols\u00e0, mejor competidor de la II liguilla de Taekwondo de la Comunitat"},"content":{"rendered":"<p style=\"text-align: justify;\"><a href=\"http:\/\/www.portaldelolleria.es\/wp-content\/uploads\/2015\/01\/II-Liguilla-Onda.jpg\"><img loading=\"lazy\" class=\"aligncenter size-full wp-image-8453\" title=\"II Liguilla Onda\" src=\"http:\/\/www.portaldelolleria.es\/wp-content\/uploads\/2015\/01\/II-Liguilla-Onda.jpg\" alt=\"\" width=\"581\" height=\"438\" srcset=\"http:\/\/www.portaldelolleria.es\/wp-content\/uploads\/2015\/01\/II-Liguilla-Onda.jpg 581w, http:\/\/www.portaldelolleria.es\/wp-content\/uploads\/2015\/01\/II-Liguilla-Onda-300x226.jpg 300w\" sizes=\"(max-width: 581px) 100vw, 581px\" \/><\/a><\/p>\n<p>DAVID TOLSA NOMBRADO MEJOR COMPETIDOR DE LA II Liguilla DE TAEKWONDO DE LA.<\/p>\n<p>Este s\u00e1bado 24 de enero en la poblaci\u00f3n castellonense de Onda se celebr\u00f3 la II liguilla de Taekwondo Comunidad Valenciana en modalidad de combate. Del equipo de competici\u00f3n de las EEM de Taekwondo de l&#8217;Olleria participaremos 6 competidores.<\/p>\n<p>Por la ma\u00f1ana compitieron las categor\u00edas Junior y Senior, en Junior participaron, David Tols\u00e0 (-55 kg.), Mohamed Eddamghi (-53Kg.) Y Mireya Giner (-49Kg.), En Seniors, David Ure\u00f1a (-54kg.). Los resultados obtenidos en la jornada de ma\u00f1ana fue el siguiente:<\/p>\n<p>-Mireya Giner (2\u00aa posici\u00f3n).<\/p>\n<p>-David Ure\u00f1a (2\u00aa posici\u00f3n).<\/p>\n<p>-Mohamed Eddamghi (3\u00aa posici\u00f3n).<\/p>\n<p>-David Tols\u00e0 (Campe\u00f3n).<\/p>\n<p>Para la v\u00edspera lleg\u00f3 el turno a los m\u00e1s peque\u00f1os, los Cadetes, Ivan Vidal y Ra\u00fal Tols\u00e0, para Ivan fue su primera competici\u00f3n, ya que esta en el mundo del Taekwondo desde el pasado septiembre, Ivan gan\u00f3 su primer combate en solvencia, haciendo un combate muy serio, el segundo lo perdi\u00f3 pero demostr\u00f3 que si sigue as\u00ed puede llegar lejos.<\/p>\n<p>Los resultados de esta tarde fueron:<\/p>\n<p>-Ra\u00fal Tols\u00e0 (4 clasificado).<\/p>\n<p>-Ivan Vidal (4 clasificado).<\/p>\n<p>Al terminar la competici\u00f3n se dio el trofeo al mejor competidor masculino y femenino de la II liguilla nombrando a David Tols\u00e0 como mejor deportista del campeonato, un nuevo trofeo para este deportista que demuestra una vez m\u00e1s que esta al 100% y que va a para todas y este a\u00f1o puede que sea su a\u00f1o.<\/p>\n<p>Dar la enhorabuena a todos ellos por el trabajo y resultados que est\u00e1n haciendo y como no, nombrar tambi\u00e9n a Priscila Medina y Estela Oltra que tambi\u00e9n ten\u00edan que participar en este campeonato y no pudieron hacerlo por lesi\u00f3n, desearles que se recuperan pronto y que los tapices les est\u00e1n esperando.<\/p>\n<p>Para terminar desearle mucha suerte a David Ure\u00f1a que este pr\u00f3ximo s\u00e1bado 31 har\u00e1 un combate de preselecci\u00f3n y si gana se clasificar\u00e1 para el Campeonato de Espa\u00f1a Senior que se celebrar\u00e1 el pr\u00f3ximo 14 de febrero en la ciudad de Cartagena.<\/p>\n<p style=\"text-align: justify;\"><a href=\"http:\/\/www.portaldelolleria.es\/wp-content\/uploads\/2015\/01\/II-Liguilla-Onda2.jpg\"><img loading=\"lazy\" class=\"aligncenter size-full wp-image-8452\" title=\"II Liguilla Onda2\" src=\"http:\/\/www.portaldelolleria.es\/wp-content\/uploads\/2015\/01\/II-Liguilla-Onda2.jpg\" alt=\"\" width=\"598\" height=\"437\" srcset=\"http:\/\/www.portaldelolleria.es\/wp-content\/uploads\/2015\/01\/II-Liguilla-Onda2.jpg 598w, http:\/\/www.portaldelolleria.es\/wp-content\/uploads\/2015\/01\/II-Liguilla-Onda2-300x219.jpg 300w\" sizes=\"(max-width: 598px) 100vw, 598px\" \/><\/a><\/p>\n","protected":false},"excerpt":{"rendered":"<p>DAVID TOLSA NOMBRADO MEJOR COMPETIDOR DE LA II Liguilla DE TAEKWONDO DE LA. Este s\u00e1bado 24 de enero en la poblaci\u00f3n castellonense de Onda se celebr\u00f3 la II liguilla de Taekwondo Comunidad Valenciana en modalidad de combate. Del equipo de competici\u00f3n de las EEM de Taekwondo de l&#8217;Olleria participaremos 6 competidores. Por la ma\u00f1ana compitieron [&hellip;]<\/p>\n","protected":false},"author":1,"featured_media":0,"comment_status":"closed","ping_status":"open","sticky":false,"template":"","format":"standard","meta":{"_monsterinsights_skip_tracking":false,"_monsterinsights_sitenote_active":false,"_monsterinsights_sitenote_note":"","_monsterinsights_sitenote_category":0},"categories":[9,12],"tags":[103,21,19],"_links":{"self":[{"href":"http:\/\/www.portaldelolleria.es\/index.php?rest_route=\/wp\/v2\/posts\/8451"}],"collection":[{"href":"http:\/\/www.portaldelolleria.es\/index.php?rest_route=\/wp\/v2\/posts"}],"about":[{"href":"http:\/\/www.portaldelolleria.es\/index.php?rest_route=\/wp\/v2\/types\/post"}],"author":[{"embeddable":true,"href":"http:\/\/www.portaldelolleria.es\/index.php?rest_route=\/wp\/v2\/users\/1"}],"replies":[{"embeddable":true,"href":"http:\/\/www.portaldelolleria.es\/index.php?rest_route=%2Fwp%2Fv2%2Fcomments&post=8451"}],"version-history":[{"count":2,"href":"http:\/\/www.portaldelolleria.es\/index.php?rest_route=\/wp\/v2\/posts\/8451\/revisions"}],"predecessor-version":[{"id":8455,"href":"http:\/\/www.portaldelolleria.es\/index.php?rest_route=\/wp\/v2\/posts\/8451\/revisions\/8455"}],"wp:attachment":[{"href":"http:\/\/www.portaldelolleria.es\/index.php?rest_route=%2Fwp%2Fv2%2Fmedia&parent=8451"}],"wp:term":[{"taxonomy":"category","embeddable":true,"href":"http:\/\/www.portaldelolleria.es\/index.php?rest_route=%2Fwp%2Fv2%2Fcategories&post=8451"},{"taxonomy":"post_tag","embeddable":true,"href":"http:\/\/www.portaldelolleria.es\/index.php?rest_route=%2Fwp%2Fv2%2Ftags&post=8451"}],"curies":[{"name":"wp","href":"https:\/\/api.w.org\/{rel}","templated":true}]}}