{"id":8499,"date":"2015-01-26T16:58:43","date_gmt":"2015-01-26T14:58:43","guid":{"rendered":"http:\/\/www.portaldelolleria.es\/?p=8499"},"modified":"2015-01-27T01:05:29","modified_gmt":"2015-01-26T23:05:29","slug":"fitur-bajo-el-lema-creando-turismo","status":"publish","type":"post","link":"http:\/\/www.portaldelolleria.es\/?p=8499","title":{"rendered":"FITUR bajo el lema \u00abcreando turismo\u00bb"},"content":{"rendered":"<p style=\"text-align: justify;\"><a href=\"http:\/\/www.portaldelolleria.es\/wp-content\/uploads\/2015\/01\/foto-1.jpg\"><img loading=\"lazy\" class=\"aligncenter size-full wp-image-8500\" title=\"foto 1\" src=\"http:\/\/www.portaldelolleria.es\/wp-content\/uploads\/2015\/01\/foto-1.jpg\" alt=\"\" width=\"598\" height=\"388\" srcset=\"http:\/\/www.portaldelolleria.es\/wp-content\/uploads\/2015\/01\/foto-1.jpg 598w, http:\/\/www.portaldelolleria.es\/wp-content\/uploads\/2015\/01\/foto-1-300x194.jpg 300w\" sizes=\"(max-width: 598px) 100vw, 598px\" \/><\/a><\/p>\n<p style=\"text-align: justify;\">Ofertas tur\u00edsticas, nuevas rutas, la gu\u00eda tur\u00edstica y el Natur balance 2015<\/p>\n<p>La Vall d&#8217;Albaida \/\/ 26.01.2015.- A falta de dos d\u00edas para abrir las puertas de Fitur, la Mancomunidad est\u00e1 a punto para participar en la 35\u00ba edici\u00f3n de la Feria internacional de turismo en Madrid (FITUR), del 28 de enero al 1 de febrero, con el objetivo de dar a conocer sus ofertas tur\u00edsticas elaboradas para la ocasi\u00f3n, lanzar al mercado las novedades tur\u00edsticas, as\u00ed como la nueva gu\u00eda tur\u00edstica virtual que aglutina toda la oferta tur\u00edstica.<\/p>\n<p>Durante el certamen la entidad estar\u00e1 dentro del stand del Patronato Provincial Valencia Terra i Mar, en el pabell\u00f3n 7 Stand 7B05, concretamente en el espacio dedicado al producto de interior.<\/p>\n<p>En palabras del presidente de la Mancomunidad de Municipios del Vall de Albaida: \u00abla feria ser\u00e1 el mostrador donde se presentar\u00e1n las 47 ofertas y 6 paquetes tur\u00edsticos confeccionados por empresas del sector tur\u00edstico de las poblaciones como: Agullent, Bell\u00fas, Benissoda, Beniatjar , Bocairent, Bufali, Carr\u00edcola, Fontanares, Llutxent, Ontinyent, Otos, Quatretonda y Salem \u00ab, continu\u00f3:\u00bb adem\u00e1s, este 2015 se han realizado 10 ofertas m\u00e1s que han pasado, y han participado 2 pueblos m\u00e1s respecto el a\u00f1o pasado, Bell\u00fas y Fontanars \u00ab.<\/p>\n<p>Las ofertas tur\u00edsticas est\u00e1n catalogadas dentro de diferentes modalidades as\u00ed \u00abel turista o viajero puede optar por propuestas como el turismo rural y de interior, el turismo cultural o natural, el turismo familiar, el turismo de salud y bienestar, el enoturismo y gastron\u00f3mico , el turismo activo, el idiom\u00e1tico o de low cost entre otros \u00abdestac\u00f3 Puchades.<\/p>\n<p>Todas estas ofertas ser\u00e1n presentadas en las diferentes reuniones establecidas con los profesionales de la industria tur\u00edstica en los 28 encuentros que se ha preparado en la agenda institucional.<\/p>\n<p>Igualmente la cita servir\u00e1 para realizar la presentaci\u00f3n oficial \u00abde la gu\u00eda tur\u00edstica virtual\u00bb que se realizar\u00e1 el pr\u00f3ximo jueves, 29 de enero, a las 18: 00h, en el Pabell\u00f3n 7, stand 7B05, sala de Prensa A. Esta publicaci\u00f3n est\u00e1 conectada en la app de turismo de las rutas tur\u00edsticas. Actualmente \u00abla app cuenta con 14 rutas virtuales de los municipios de Agullent, Aielo de Malferit, Albaida, Atzeneta de Albaida, B\u00e8lgida, Benig\u00e0nim, Bocairent, Carr\u00edcola, El Palomar, Llutxent, Oller\u00eda, Ontinyent, Otos, R\u00e0fol de Salem \u00abha continuado:\u00bb en breve 5 rutas m\u00e1s estar\u00e1n disponibles: Bell\u00fas, Puebla de Duque, Quatretonda, Guadasequies y Castell\u00f3 de Rugat \u00abha focalizado el presidente de la Mancomunidad.<\/p>\n<p>La gu\u00eda ha sido posible gracias a la colaboraci\u00f3n econ\u00f3mica de la Diputaci\u00f3n de Valencia. As\u00ed pues, un trabajo conjunto entre el Patronato Valencia Terra i Mar y el departamento de turismo de la Mancomunidad de Municipios han confeccionado la primera gu\u00eda tur\u00edstica virtual del Valle de Albaida que tiene como principal objetivo dar a conocer de una forma innovadora todas las alternativas de ocio, tur\u00edsticas y culturales con las que cuenta la comarca.<\/p>\n<p>El edil ha destacado \u00abla gu\u00eda tur\u00edstica virtual presenta un dise\u00f1o moderno vanguardista en coordinaci\u00f3n con las gu\u00edas tur\u00edsticas de la Diputaci\u00f3n de Valencia, pero manteniendo nuestra imagen de marca y nuestra identidad\u00bb, ha continuado \u00abcontiene un \u00edndice con 20 apartados y 182 p\u00e1ginas que recopilan toda la oferta tur\u00edstica comarcal \u00abremarc\u00f3 Puchades.<\/p>\n<p>Por otra parte, Puchades ha manifestado: \u00abel departamento de turismo y la escuela Masters de Ontinyent han creado un nuevo producto tur\u00edstico para la comarca, llamado el Natur balance 2015\u00bb<\/p>\n<p>Se trata de un programa deportivo donde se combinan tres modalidades de deportes (el yoga, el tai chi y las clases de pilates) con la gastronom\u00eda saludable.<\/p>\n<p>Un total de 10 municipios de la comarca participar\u00e1n en la nueva iniciativa de turismo deportivo en el Valle de Albaida, bajo el lema \u00abNatur Balance&#8217;15: yoga, pilates y tai chi\u00bb. As\u00ed, durante 10 fines de semana y hasta el 26 de abril se realizar\u00e1n 10 sesiones de Natur Balance por los municipios del Valle de Albaida. La actividad comienza a las 11: 00h de la ma\u00f1ana hasta las 13: 00h y finaliza con un almuerzo o degustaci\u00f3n saludable. La campa\u00f1a comenzar\u00e1 el pr\u00f3ximo d\u00eda 8 de febrero en el municipio de Guadasequies y durante tres meses, se realizar\u00e1 \u00abNatur Balance\u00bb los domingos desde febrero hasta abril.<\/p>\n<p>Cada sesi\u00f3n de Natur Balance durar\u00e1 2h y cuesta 5 \u20ac por persona que ser\u00e1n abonados a las monitoras antes de comenzar la actividad. El precio incluye: las monitoras altamente cualificadas, la m\u00fasica, las tres modalidades de deportes (yoga, pilates y taichi), el seguro y el desayuno saludable. Los usuarios podr\u00e1n realizar deporte rodeados en la naturaleza y finalizar\u00e1n con una degustaci\u00f3n saludable. Los participantes deber\u00e1n apuntarse a las actividades a trav\u00e9s del formulario on line www.valldalbaida.com Programa Natur Balance&#8217;15.<\/p>\n<p>\u00abDisfrutar de estas experiencias deportivas y familiares que combinan los municipios, deporte, gastronom\u00eda, turismo y esparcimiento estar\u00e1 al alcance de cualquiera con precios populares de 5 \u20ac\u00bb enfatiz\u00f3 Puchades.<\/p>\n<p>Guadasequies ser\u00e1 la localidad encargada de abrir el programa del Natur Balance&#8217;15 el pr\u00f3ximo domingo 8 de febrero, la siguiente cita ser\u00e1 en Alfarras\u00ed el 15 de febrero. A continuaci\u00f3n, la propuesta recurrir\u00e1 a, Agullent, Benig\u00e1nim, Fontanares y R\u00e0fol de Salem durante el mes de marzo mientras que las citas de abril estar\u00e1n en Quatretonda, Pinet y Beniatjar.<\/p>\n<p>El presidente ha invitado a todos a disfrutar de estas nuevas tendencias y concluy\u00f3 \u00abtrabajamos d\u00eda a d\u00eda por el turismo de la comarca, muestra de esto son las numerosas actuaciones tur\u00edsticas que llevamos a cabo, adem\u00e1s ya estamos preparando el programa de Entre comarcas 2015 que comenzar\u00e1 el pr\u00f3ximo 7 y 8 de febrero con los municipios de R\u00e1fol de Salem y Llutxent \u00ab.<\/p>\n","protected":false},"excerpt":{"rendered":"<p>Ofertas tur\u00edsticas, nuevas rutas, la gu\u00eda tur\u00edstica y el Natur balance 2015 La Vall d&#8217;Albaida \/\/ 26.01.2015.- A falta de dos d\u00edas para abrir las puertas de Fitur, la Mancomunidad est\u00e1 a punto para participar en la 35\u00ba edici\u00f3n de la Feria internacional de turismo en Madrid (FITUR), del 28 de enero al 1 de [&hellip;]<\/p>\n","protected":false},"author":1,"featured_media":0,"comment_status":"closed","ping_status":"open","sticky":false,"template":"","format":"standard","meta":{"_monsterinsights_skip_tracking":false,"_monsterinsights_sitenote_active":false,"_monsterinsights_sitenote_note":"","_monsterinsights_sitenote_category":0},"categories":[171,12],"tags":[1318,81,51],"_links":{"self":[{"href":"http:\/\/www.portaldelolleria.es\/index.php?rest_route=\/wp\/v2\/posts\/8499"}],"collection":[{"href":"http:\/\/www.portaldelolleria.es\/index.php?rest_route=\/wp\/v2\/posts"}],"about":[{"href":"http:\/\/www.portaldelolleria.es\/index.php?rest_route=\/wp\/v2\/types\/post"}],"author":[{"embeddable":true,"href":"http:\/\/www.portaldelolleria.es\/index.php?rest_route=\/wp\/v2\/users\/1"}],"replies":[{"embeddable":true,"href":"http:\/\/www.portaldelolleria.es\/index.php?rest_route=%2Fwp%2Fv2%2Fcomments&post=8499"}],"version-history":[{"count":2,"href":"http:\/\/www.portaldelolleria.es\/index.php?rest_route=\/wp\/v2\/posts\/8499\/revisions"}],"predecessor-version":[{"id":8502,"href":"http:\/\/www.portaldelolleria.es\/index.php?rest_route=\/wp\/v2\/posts\/8499\/revisions\/8502"}],"wp:attachment":[{"href":"http:\/\/www.portaldelolleria.es\/index.php?rest_route=%2Fwp%2Fv2%2Fmedia&parent=8499"}],"wp:term":[{"taxonomy":"category","embeddable":true,"href":"http:\/\/www.portaldelolleria.es\/index.php?rest_route=%2Fwp%2Fv2%2Fcategories&post=8499"},{"taxonomy":"post_tag","embeddable":true,"href":"http:\/\/www.portaldelolleria.es\/index.php?rest_route=%2Fwp%2Fv2%2Ftags&post=8499"}],"curies":[{"name":"wp","href":"https:\/\/api.w.org\/{rel}","templated":true}]}}