{"id":8511,"date":"2015-02-02T01:00:03","date_gmt":"2015-02-01T23:00:03","guid":{"rendered":"http:\/\/www.portaldelolleria.es\/?p=8511"},"modified":"2015-02-02T01:00:03","modified_gmt":"2015-02-01T23:00:03","slug":"la-mancomunitat-impulsa-el-turismo-cultural-y-natural","status":"publish","type":"post","link":"http:\/\/www.portaldelolleria.es\/?p=8511","title":{"rendered":"La Mancomunitat impulsa el turismo cultural y natural"},"content":{"rendered":"<p><a href=\"http:\/\/www.portaldelolleria.es\/wp-content\/uploads\/2015\/02\/estand-fitur.jpg\"><img loading=\"lazy\" class=\"aligncenter size-full wp-image-8512\" title=\"estand fitur\" src=\"http:\/\/www.portaldelolleria.es\/wp-content\/uploads\/2015\/02\/estand-fitur.jpg\" alt=\"\" width=\"651\" height=\"400\" srcset=\"http:\/\/www.portaldelolleria.es\/wp-content\/uploads\/2015\/02\/estand-fitur.jpg 651w, http:\/\/www.portaldelolleria.es\/wp-content\/uploads\/2015\/02\/estand-fitur-300x184.jpg 300w\" sizes=\"(max-width: 651px) 100vw, 651px\" \/><\/a><\/p>\n<p style=\"text-align: justify;\"><strong>La Vall d\u2019Albaida \/\/ 01.02.2015.<\/strong> La Mancomunidad de municipios del la Vall d\u2019 Albaida ha participado un a\u00f1o m\u00e1s en la Feria internacional de turismo (FITUR) en Madrid del 28 de enero al 1 de febrero. El ente ubicado dentro de la Diputaci\u00f3n de Valencia ha dado a conocer sus atractivos en el mostrador del patronato de Turismo Valencia Terra i Mar a trav\u00e9s de las ofertas tur\u00edsticas, la gu\u00eda tur\u00edstica virtual, el programa de rutas tur\u00edsticas culturales y el Naturbalance.<\/p>\n<p style=\"text-align: justify;\">La Mancomunidad ha presentado las 47 escapadas de fin de semana y los 6 paquetes tur\u00edsticos configurados \u00abconjuntamente con los agentes econ\u00f3micos\u00bb tal y como ha indicado su presidente, Juan Antonio Puchades. Las ofertas abastecen \u00e1mbitos como el turismo de interior, el de salud y bienestar, el cultural, el familiar, el enoturismo as\u00ed como, el turismo activo y el turismo de low cost. Este abanico de posibilidades \u00abmuestra todo el potencial del sector tur\u00edstico de la comarca\u00bb seg\u00fan Puchades, por lo que \u00ablas ofertas presentadas esta edici\u00f3n se adaptan a todos los p\u00fablicos ya todos los presupuestos\u00bb.<\/p>\n<p style=\"text-align: justify;\">Agullent, Bell\u00fas, Benissoda, Beniatjar, Bocairent, Bufali, Carr\u00edcola, Fontanares, Llutxent, Ontinyent, Otos, Quatretonda y Salem son las poblaciones de donde surgen. Adem\u00e1s, los packs dise\u00f1ados van destinados a grupos de seis personas o m\u00e1s y combinan cuatro d\u00edas de sol y playa con tres jornadas por la comarca para descubrir la industria textil, la fiesta, el deporte o, incluso, facilitar la inmersi\u00f3n ling\u00fc\u00edstica con cursos de idiomas.<\/p>\n<p style=\"text-align: justify;\">Durante cuatro d\u00edas el Departamento de turismo ha mantenido 28 encuentros con diferentes agentes econ\u00f3micos \u00abcon el fin de utilizar este certamen como herramienta de trabajo y principal canal de venta\u00bb ha destacado el presidente.<\/p>\n<p style=\"text-align: justify;\">\u00abFitur es la herramienta de venta m\u00e1s potente y completa, ya que pueden combinar todas las acciones comerciales y de marketing existentes con mejor relaci\u00f3n coste efectividad para llegar de la manera m\u00e1s r\u00e1pida y directa a nuestros actuales y potenciales clientes\u00bb ha matizado el representante de la entidad.<\/p>\n<p style=\"text-align: justify;\">Durante la feria se han llevado a cabo diferentes estrategias de promoci\u00f3n y comercializaci\u00f3n de toda la oferta tur\u00edstica de la comarca, a la vez que se ha realizado un estudio de mercado recopilando un listado de agencias mayoristas, tour operadores y empresas del sector que marcar\u00e1n las primeras l\u00edneas de trabajo y las oportunidades de negociaci\u00f3n. As\u00ed pues, se han contactado con mayoristas y touroperadores emisores que operan en Espa\u00f1a. En cuanto al sector internacional se ha contactado con mayoristas de Espa\u00f1a, Europa, as\u00ed como Am\u00e9rica. Tambi\u00e9n se han visitado diferentes profesionales tur\u00edsticos de diferente \u00e1mbito desde la promoci\u00f3n y marketing online, empresas, motor de reservas, Fiturtech, Know-how &amp; export, geoposicionamiento, aplicaciones m\u00f3viles, etc entre los que destacan Abba Acteon, Neoturismo, Nextel Travel, Europando Europa, Doblemente, Spain Leisure, New Travelers, NT Incoming Madrid, Catai Tours, Ilunion, Viajes en Bici, DMC, Liberty Internatinal Tourism Group entre otras.<\/p>\n<p style=\"text-align: justify;\">Las estrategias de promoci\u00f3n tambi\u00e9n se han centrado en potenciar \u00bb la gu\u00eda tur\u00edstica y el Natur balance,\u00bb desde la Mancomunidad estamos impulsando y apostando por el turismo natural y cultural \u00ab: ha enfatizado Puchades.<\/p>\n<p style=\"text-align: justify;\">El presidente se ha mostrado satisfecho por todo el trabajo realizado y por los resultados conseguidos. \u00abFitur es la industria mundial que re\u00fane cada a\u00f1o a todos los profesionales del sector desarrollando secciones y foros especializados que aportan nuevas oportunidades de negocio y nuevas tendencias\u00bb ha concluido el edil.<\/p>\n","protected":false},"excerpt":{"rendered":"<p>La Vall d\u2019Albaida \/\/ 01.02.2015. La Mancomunidad de municipios del la Vall d\u2019 Albaida ha participado un a\u00f1o m\u00e1s en la Feria internacional de turismo (FITUR) en Madrid del 28 de enero al 1 de febrero. El ente ubicado dentro de la Diputaci\u00f3n de Valencia ha dado a conocer sus atractivos en el mostrador del [&hellip;]<\/p>\n","protected":false},"author":1,"featured_media":0,"comment_status":"closed","ping_status":"open","sticky":false,"template":"","format":"standard","meta":{"_monsterinsights_skip_tracking":false,"_monsterinsights_sitenote_active":false,"_monsterinsights_sitenote_note":"","_monsterinsights_sitenote_category":0},"categories":[171,12],"tags":[1318,113,158,51,209],"_links":{"self":[{"href":"http:\/\/www.portaldelolleria.es\/index.php?rest_route=\/wp\/v2\/posts\/8511"}],"collection":[{"href":"http:\/\/www.portaldelolleria.es\/index.php?rest_route=\/wp\/v2\/posts"}],"about":[{"href":"http:\/\/www.portaldelolleria.es\/index.php?rest_route=\/wp\/v2\/types\/post"}],"author":[{"embeddable":true,"href":"http:\/\/www.portaldelolleria.es\/index.php?rest_route=\/wp\/v2\/users\/1"}],"replies":[{"embeddable":true,"href":"http:\/\/www.portaldelolleria.es\/index.php?rest_route=%2Fwp%2Fv2%2Fcomments&post=8511"}],"version-history":[{"count":1,"href":"http:\/\/www.portaldelolleria.es\/index.php?rest_route=\/wp\/v2\/posts\/8511\/revisions"}],"predecessor-version":[{"id":8513,"href":"http:\/\/www.portaldelolleria.es\/index.php?rest_route=\/wp\/v2\/posts\/8511\/revisions\/8513"}],"wp:attachment":[{"href":"http:\/\/www.portaldelolleria.es\/index.php?rest_route=%2Fwp%2Fv2%2Fmedia&parent=8511"}],"wp:term":[{"taxonomy":"category","embeddable":true,"href":"http:\/\/www.portaldelolleria.es\/index.php?rest_route=%2Fwp%2Fv2%2Fcategories&post=8511"},{"taxonomy":"post_tag","embeddable":true,"href":"http:\/\/www.portaldelolleria.es\/index.php?rest_route=%2Fwp%2Fv2%2Ftags&post=8511"}],"curies":[{"name":"wp","href":"https:\/\/api.w.org\/{rel}","templated":true}]}}