{"id":8531,"date":"2015-02-06T03:27:01","date_gmt":"2015-02-06T01:27:01","guid":{"rendered":"http:\/\/www.portaldelolleria.es\/?p=8531"},"modified":"2015-02-06T15:54:29","modified_gmt":"2015-02-06T13:54:29","slug":"nuevo-cd-de-la-banda-sociedad-escuela-musical-santa-cecilia-de-lolleria","status":"publish","type":"post","link":"http:\/\/www.portaldelolleria.es\/?p=8531","title":{"rendered":"Nuevo CD de la banda  Sociedad Escuela Musical \u00abSanta Cecilia de l&#8217;Olleria"},"content":{"rendered":"<p><a href=\"http:\/\/www.portaldelolleria.es\/wp-content\/uploads\/2015\/02\/051.jpg\"><img loading=\"lazy\" class=\"aligncenter size-full wp-image-8537\" title=\"05\" src=\"http:\/\/www.portaldelolleria.es\/wp-content\/uploads\/2015\/02\/051.jpg\" alt=\"\" width=\"598\" height=\"398\" srcset=\"http:\/\/www.portaldelolleria.es\/wp-content\/uploads\/2015\/02\/051.jpg 598w, http:\/\/www.portaldelolleria.es\/wp-content\/uploads\/2015\/02\/051-300x199.jpg 300w\" sizes=\"(max-width: 598px) 100vw, 598px\" \/><\/a><\/p>\n<p style=\"text-align: justify;\"><strong>Nuevo CD de la banda de la Sociedad Escuela Musical \u00abSanta Cecilia de l&#8217;Olleria<\/strong><\/p>\n<p style=\"text-align: justify;\">Grabaci\u00f3n de las obras premiadas en las 10 primeras ediciones del Concurso de Composici\u00f3n de M\u00fasica Festera \u00abFrancesc Cerd\u00e1\u00bb (2005-2014)<\/p>\n<p style=\"text-align: justify;\">La SEM Santa Cecilia de L&#8217;Olleria va a grabar un CD, este mes de febrero de 2015, con las obras ganadoras en las diferentes ediciones del Concurso de M\u00fasica Festera dedicado a Francesc Cerd\u00e1. El primer LP y casete que grab\u00f3 la banda, se realiz\u00f3 en 1981 por conmemorar el 1er centenario de la SEM (1880 a 1980) y estaba compuesto por cinco pasodobles y cinco marchas moras y fue dirigido por Liberto Benet Mart\u00ednez. (Como curiosidad, decir que en estos a\u00f1os la banda ten\u00eda 5 hermanos a su plantilla: Los hermanos Timoneda).<\/p>\n<p style=\"text-align: justify;\">Posteriormente, la banda ha grabado otros CD de m\u00fasica festera, como el CD \u00abRaschida\u00bb (1995) y \u00ab50 A\u00f1os de Fiesta\u00bb (2003).<\/p>\n<p style=\"text-align: justify;\">12 a\u00f1os despu\u00e9s, los m\u00fasicos de la SEM se ponen de nuevo ante los micr\u00f3fonos. Para hablarnos de esta actividad hemos entrevistado al director de la SEM, Enrique Alborch Tarras\u00f3.<\/p>\n<p style=\"text-align: justify;\">\n<p style=\"text-align: justify;\"><a href=\"http:\/\/www.portaldelolleria.es\/wp-content\/uploads\/2015\/02\/DSCF01561.jpg\"><img loading=\"lazy\" class=\"aligncenter size-full wp-image-8535\" title=\"DSCF0156\" src=\"http:\/\/www.portaldelolleria.es\/wp-content\/uploads\/2015\/02\/DSCF01561.jpg\" alt=\"\" width=\"598\" height=\"255\" srcset=\"http:\/\/www.portaldelolleria.es\/wp-content\/uploads\/2015\/02\/DSCF01561.jpg 598w, http:\/\/www.portaldelolleria.es\/wp-content\/uploads\/2015\/02\/DSCF01561-300x127.jpg 300w\" sizes=\"(max-width: 598px) 100vw, 598px\" \/><\/a><\/p>\n<p style=\"text-align: justify;\">\n<p style=\"text-align: justify;\"><span style=\"color: #800000;\"><strong>\u00a0\u00bfQu\u00e9 obras se grabar\u00e1n en este CD?<\/strong><\/span><\/p>\n<p style=\"text-align: justify;\">El CD contendr\u00e1 las obras premiadas en los 10 primeros concursos de composici\u00f3n \u00abFrancesc Cerd\u00e1\u00bb, en total 13, ya que en tres ediciones, fueron dos las obras que compartieron el premio. Adem\u00e1s, de 2008, que el premio qued\u00f3 desierto, grabamos la que fue premiada por el p\u00fablico. Las obras son:<\/p>\n<p style=\"text-align: justify;\">1 &#8211; AL-MUSSAM, mm 2005 de Oscar Vidal<\/p>\n<p style=\"text-align: justify;\">2 &#8211; AL-BAL-AT, mc 2006 de Josep Escandell<\/p>\n<p style=\"text-align: justify;\">3 &#8211; ROC\u00cdO, pd 2007 de Juan Manuel Molina<\/p>\n<p style=\"text-align: justify;\">4 &#8211; TUAREG, mm 2008 de Miguel \u00c0ngel Mas<\/p>\n<p style=\"text-align: justify;\">5 &#8211; HOMENAJE A BLANQUER, mc 2009 de Santiago Quinto<\/p>\n<p style=\"text-align: justify;\">6 &#8211; INARPA, mc 2009 de Sa\u00fcl G\u00f3mez<\/p>\n<p style=\"text-align: justify;\">7 &#8211; JUAN FELIPE, pd 2010 de Juan Manuel Molina<\/p>\n<p style=\"text-align: justify;\">8 &#8211; MAKTUB mm, 2011 de Juan Pellicer<\/p>\n<p style=\"text-align: justify;\">9 &#8211; CORTEJO IMPERIAL, mm 2011 de Santiago Quinto<\/p>\n<p style=\"text-align: justify;\">10 &#8211; VOLGUDES, mc 2012 de Francisco Valor<\/p>\n<p style=\"text-align: justify;\">11 &#8211; MUNA, mc 2012 de David Penad\u00e9s<\/p>\n<p style=\"text-align: justify;\">12 &#8211; BRISAS DEL CERR\u00d3N, pd 2013 de Felipe Garc\u00eda<\/p>\n<p style=\"text-align: justify;\">13 &#8211; FRANCESC CERD\u00c0, pd 2014 de Josep Ros<\/p>\n<p style=\"text-align: justify;\">\n<p style=\"text-align: justify;\"><span style=\"color: #800000;\"><strong>Aparte de la SEM Santa Cecilia. \u00bfQu\u00e9 otras entidades han organizado esta grabaci\u00f3n?<\/strong><\/span><\/p>\n<p style=\"text-align: justify;\">Este CD ha sido una iniciativa del Ayuntamiento de l&#8217;Olleria, que ser\u00e1 quien patrocina el proyecto. Fue una propuesta desde la concejal\u00eda de cultura que desde la SEM hicimos nuestra enseguida. 10 a\u00f1os de concurso son un buen motivo para hacer esta grabaci\u00f3n y tambi\u00e9n para rendir homenaje al maestro Francesc Cerd\u00e1.<\/p>\n<p style=\"text-align: justify;\">La Junta Central de Moros y Cristianos tambi\u00e9n vio que pod\u00eda ser un proyecto interesante y colabora tambi\u00e9n en la posterior distribuci\u00f3n de los ejemplares del CD y en su difusi\u00f3n.<\/p>\n<p style=\"text-align: justify;\">Adem\u00e1s, hay que rese\u00f1ar que en la grabaci\u00f3n contaremos en la colaboraci\u00f3n de los dulzaineros de la Colla de dulzainas y percusi\u00f3n \u00abLa Morralla\u00bb de l&#8217;Olleria.<\/p>\n<p style=\"text-align: justify;\"><strong><span style=\"color: #800000;\"> S\u00f3lo las obras ganadoras quedar\u00e1n registradas, o tiene otros?<\/span><\/strong><\/p>\n<p style=\"text-align: justify;\">El CD contendr\u00e1 todas las obras premiadas y una pieza muy significativa para Francesc Cerd\u00e1, para la banda y para el pueblo: la marcha de procesi\u00f3n \u00abSant Miquel Vidrier\u00bb, la obra p\u00f3stuma de Paco. Se trata de una marcha pensada para las fiestas del pueblo, muy significativa para todos y sobre todo para los festeros, que contiene temas del Himno de la Fiesta (tambi\u00e9n de Paco) y que a\u00fan no hab\u00eda sido registrada.<\/p>\n<p style=\"text-align: justify;\"><strong><span style=\"color: #800000;\">Donde se grabar\u00e1 el CD?<\/span><\/strong><\/p>\n<p style=\"text-align: justify;\">El CD se grabar\u00e1 el fin de semana del 6, 7 y 8 de febrero en el Cine \u00abGoya\u00bb. Es un lugar con buena ac\u00fastica para la grabaci\u00f3n y un lugar donde habitualmente actuamos, donde los m\u00fasicos se encontrar\u00e1n c\u00f3modos para hacer un buen trabajo.<\/p>\n<p style=\"text-align: justify;\"><span style=\"color: #800000;\"><strong>Con qu\u00e9 prop\u00f3sito se realiza?<\/strong><\/span><\/p>\n<p style=\"text-align: justify;\">Como ya he dicho antes, se quiere dejar constancia de las 10 primeras ediciones del Concurso de M\u00fasica Festera de l&#8217;Olleria. Un concurso que ha encontrado su lugar en el panorama cultural y musical de la m\u00fasica para la fiesta. Grabaremos 14 piezas de gran calidad, todas ellas merecedoras del premio que recibieron. Por tanto, ser\u00e1 un CD que enriquece m\u00e1s el patrimonio musical de nuestras tierras, donde la m\u00fasica en general es muy importante, y la m\u00fasica festera en particular es tan apreciada por todos nosotros.<\/p>\n<p style=\"text-align: justify;\"><span style=\"color: #800000;\"><strong>Algo que a\u00f1adir?<\/strong><\/span><\/p>\n<p style=\"text-align: justify;\">Si, si me permites, quer\u00eda agradecer al Ayuntamiento de l&#8217;Olleria la idea de hacer este trabajo y su patrocinio. A la \u00abMorralla\u00bb\u00a0 por su colaboraci\u00f3n. Dar la enhorabuena a todos los compositores presentes en el CD, porque todas las obras tienen su inter\u00e9s y son buen patrimonio de nuestra \u00abM\u00fasica Festera\u00bb. Y sobre todo, agradecer a los m\u00fasicos de la SEM todos los esfuerzos que han hecho los ensayos (y en casa) para dar lo mejor de cada uno y que este trabajo que tenemos por delante tenga un magn\u00edfico resultado, de lo cual estoy seguro .<\/p>\n<p style=\"text-align: justify;\"><span style=\"color: #800000;\"><strong>Cuando se presentar\u00e1 el CD?<\/strong><\/span><\/p>\n<p style=\"text-align: justify;\">Este trabajo ser\u00e1 presentado el pr\u00f3ximo 28 de marzo en el concierto del und\u00e9cimo Concurso de Composici\u00f3n. Quedan todos invitados a este evento.<\/p>\n<p style=\"text-align: justify;\"><strong> Muchas gracias y que sea tambi\u00e9n un gran \u00e9xito como fue la primera grabaci\u00f3n en 1980..<\/strong><\/p>\n<p style=\"text-align: justify;\">Pepe Aparici.<\/p>\n<p style=\"text-align: justify;\">_________________________________________________________________________<\/p>\n<p style=\"text-align: justify;\">(Portada y foto de la primera grabaci\u00f3n de la SEM Santa Cecilia de l&#8217;Olleria, 1980)<\/p>\n<p style=\"text-align: justify;\"><a href=\"http:\/\/www.portaldelolleria.es\/wp-content\/uploads\/2015\/02\/1980.jpg\"><img loading=\"lazy\" class=\"aligncenter size-full wp-image-8536\" title=\"1980\" src=\"http:\/\/www.portaldelolleria.es\/wp-content\/uploads\/2015\/02\/1980.jpg\" alt=\"\" width=\"598\" height=\"510\" srcset=\"http:\/\/www.portaldelolleria.es\/wp-content\/uploads\/2015\/02\/1980.jpg 598w, http:\/\/www.portaldelolleria.es\/wp-content\/uploads\/2015\/02\/1980-300x255.jpg 300w\" sizes=\"(max-width: 598px) 100vw, 598px\" \/><\/a><\/p>\n","protected":false},"excerpt":{"rendered":"<p>Nuevo CD de la banda de la Sociedad Escuela Musical \u00abSanta Cecilia de l&#8217;Olleria Grabaci\u00f3n de las obras premiadas en las 10 primeras ediciones del Concurso de Composici\u00f3n de M\u00fasica Festera \u00abFrancesc Cerd\u00e1\u00bb (2005-2014) La SEM Santa Cecilia de L&#8217;Olleria va a grabar un CD, este mes de febrero de 2015, con las obras ganadoras [&hellip;]<\/p>\n","protected":false},"author":1,"featured_media":0,"comment_status":"closed","ping_status":"open","sticky":false,"template":"","format":"standard","meta":{"_monsterinsights_skip_tracking":false,"_monsterinsights_sitenote_active":false,"_monsterinsights_sitenote_note":"","_monsterinsights_sitenote_category":0},"categories":[16,12],"tags":[788,358,20,906,444],"_links":{"self":[{"href":"http:\/\/www.portaldelolleria.es\/index.php?rest_route=\/wp\/v2\/posts\/8531"}],"collection":[{"href":"http:\/\/www.portaldelolleria.es\/index.php?rest_route=\/wp\/v2\/posts"}],"about":[{"href":"http:\/\/www.portaldelolleria.es\/index.php?rest_route=\/wp\/v2\/types\/post"}],"author":[{"embeddable":true,"href":"http:\/\/www.portaldelolleria.es\/index.php?rest_route=\/wp\/v2\/users\/1"}],"replies":[{"embeddable":true,"href":"http:\/\/www.portaldelolleria.es\/index.php?rest_route=%2Fwp%2Fv2%2Fcomments&post=8531"}],"version-history":[{"count":6,"href":"http:\/\/www.portaldelolleria.es\/index.php?rest_route=\/wp\/v2\/posts\/8531\/revisions"}],"predecessor-version":[{"id":8548,"href":"http:\/\/www.portaldelolleria.es\/index.php?rest_route=\/wp\/v2\/posts\/8531\/revisions\/8548"}],"wp:attachment":[{"href":"http:\/\/www.portaldelolleria.es\/index.php?rest_route=%2Fwp%2Fv2%2Fmedia&parent=8531"}],"wp:term":[{"taxonomy":"category","embeddable":true,"href":"http:\/\/www.portaldelolleria.es\/index.php?rest_route=%2Fwp%2Fv2%2Fcategories&post=8531"},{"taxonomy":"post_tag","embeddable":true,"href":"http:\/\/www.portaldelolleria.es\/index.php?rest_route=%2Fwp%2Fv2%2Ftags&post=8531"}],"curies":[{"name":"wp","href":"https:\/\/api.w.org\/{rel}","templated":true}]}}