{"id":870,"date":"2012-07-06T09:00:04","date_gmt":"2012-07-06T08:00:04","guid":{"rendered":"http:\/\/www.portaldelolleria.es\/?p=870"},"modified":"2012-07-13T12:08:11","modified_gmt":"2012-07-13T11:08:11","slug":"matraca-teatre-estrena-de-paris-no-venen","status":"publish","type":"post","link":"http:\/\/www.portaldelolleria.es\/?p=870","title":{"rendered":"Matraca Teatre estrena \u00abDe Par\u00eds no v\u00e9nen\u00bb"},"content":{"rendered":"<div id=\"attachment_872\" style=\"width: 608px\" class=\"wp-caption aligncenter\"><a href=\"http:\/\/www.portaldelolleria.es\/wp-content\/uploads\/2012\/07\/matracateatre-olleria.jpg\"><img aria-describedby=\"caption-attachment-872\" loading=\"lazy\" class=\"size-full wp-image-872\" title=\"matracateatre-olleria\" src=\"http:\/\/www.portaldelolleria.es\/wp-content\/uploads\/2012\/07\/matracateatre-olleria.jpg\" alt=\"\" width=\"598\" height=\"434\" srcset=\"http:\/\/www.portaldelolleria.es\/wp-content\/uploads\/2012\/07\/matracateatre-olleria.jpg 598w, http:\/\/www.portaldelolleria.es\/wp-content\/uploads\/2012\/07\/matracateatre-olleria-300x217.jpg 300w\" sizes=\"(max-width: 598px) 100vw, 598px\" \/><\/a><p id=\"caption-attachment-872\" class=\"wp-caption-text\">El grupo en la representaci\u00f3n de &quot;Carnaval&quot;<\/p><\/div>\n<p>Matraca Teatre, estrena este viernes 13 de Julio a las 22:30h. en el Teatro Goya,\u00a0 la obra \u00abDe Par\u00eds no v\u00e9nen\u00bb.\u00a0\u00a0\u00a0 Repetir\u00e1n funci\u00f3n el s\u00e1bado 14 a las 22:30 h.\u00a0 el domingo15\u00a0 a las 20:00 h.\u00a0\u00a0 Y volver\u00e1n al mismo escenario el domingo 29 de Julio a las 20:oo h.<\/p>\n<p>El grupo Matraca Teatre de l&#8217;Olleria,\u00a0 son algo m\u00e1s que \u00abun grupo de jovenes que comparten afici\u00f3n al teatro\u00bb\u00a0 como afirman en su p\u00e1gina de facebook.\u00a0 Se estrenaron un martes 8 de marzo de 2011,\u00a0 poniendo el broche a la III edici\u00f3n de \u00abespacio de igualdad\u00bb.\u00a0 Sorprendiendo a los asistentes con una curiosa y agradable representaci\u00f3n en la que sus integrantes dispersados por la sala, citaban diferentes art\u00edculos relacionados con el evento.<\/p>\n<p>Su primer espectaculo como tal fu\u00e9 \u00abCarnaval\u00bb\u00a0 estrenado el 16 de septiembre del mismo a\u00f1o en el cine Goya.\u00a0 Obra desarrollada en formato de diferentes secuencias c\u00f3micas.<\/p>\n<p><a href=\"http:\/\/www.youtube.com\/watch?v=8OcDERLh8tQ\" target=\"_blank\">pulse aqui ver video de su primera representaci\u00f3n<\/a><\/p>\n<p>&nbsp;<\/p>\n<p>&nbsp;<\/p>\n<p><a href=\"http:\/\/www.portaldelolleria.es\/wp-content\/uploads\/2012\/07\/matraca-olleria.jpg\"><img loading=\"lazy\" class=\"aligncenter size-full wp-image-871\" title=\"matraca-olleria\" src=\"http:\/\/www.portaldelolleria.es\/wp-content\/uploads\/2012\/07\/matraca-olleria.jpg\" alt=\"\" width=\"598\" height=\"846\" srcset=\"http:\/\/www.portaldelolleria.es\/wp-content\/uploads\/2012\/07\/matraca-olleria.jpg 598w, http:\/\/www.portaldelolleria.es\/wp-content\/uploads\/2012\/07\/matraca-olleria-212x300.jpg 212w\" sizes=\"(max-width: 598px) 100vw, 598px\" \/><\/a><\/p>\n","protected":false},"excerpt":{"rendered":"<p>Matraca Teatre, estrena este viernes 13 de Julio a las 22:30h. en el Teatro Goya,\u00a0 la obra \u00abDe Par\u00eds no v\u00e9nen\u00bb.\u00a0\u00a0\u00a0 Repetir\u00e1n funci\u00f3n el s\u00e1bado 14 a las 22:30 h.\u00a0 el domingo15\u00a0 a las 20:00 h.\u00a0\u00a0 Y volver\u00e1n al mismo escenario el domingo 29 de Julio a las 20:oo h. El grupo Matraca Teatre de [&hellip;]<\/p>\n","protected":false},"author":2,"featured_media":0,"comment_status":"closed","ping_status":"open","sticky":false,"template":"","format":"standard","meta":{"_monsterinsights_skip_tracking":false,"_monsterinsights_sitenote_active":false,"_monsterinsights_sitenote_note":"","_monsterinsights_sitenote_category":0},"categories":[15,12],"tags":[227,226,20,225],"_links":{"self":[{"href":"http:\/\/www.portaldelolleria.es\/index.php?rest_route=\/wp\/v2\/posts\/870"}],"collection":[{"href":"http:\/\/www.portaldelolleria.es\/index.php?rest_route=\/wp\/v2\/posts"}],"about":[{"href":"http:\/\/www.portaldelolleria.es\/index.php?rest_route=\/wp\/v2\/types\/post"}],"author":[{"embeddable":true,"href":"http:\/\/www.portaldelolleria.es\/index.php?rest_route=\/wp\/v2\/users\/2"}],"replies":[{"embeddable":true,"href":"http:\/\/www.portaldelolleria.es\/index.php?rest_route=%2Fwp%2Fv2%2Fcomments&post=870"}],"version-history":[{"count":9,"href":"http:\/\/www.portaldelolleria.es\/index.php?rest_route=\/wp\/v2\/posts\/870\/revisions"}],"predecessor-version":[{"id":916,"href":"http:\/\/www.portaldelolleria.es\/index.php?rest_route=\/wp\/v2\/posts\/870\/revisions\/916"}],"wp:attachment":[{"href":"http:\/\/www.portaldelolleria.es\/index.php?rest_route=%2Fwp%2Fv2%2Fmedia&parent=870"}],"wp:term":[{"taxonomy":"category","embeddable":true,"href":"http:\/\/www.portaldelolleria.es\/index.php?rest_route=%2Fwp%2Fv2%2Fcategories&post=870"},{"taxonomy":"post_tag","embeddable":true,"href":"http:\/\/www.portaldelolleria.es\/index.php?rest_route=%2Fwp%2Fv2%2Ftags&post=870"}],"curies":[{"name":"wp","href":"https:\/\/api.w.org\/{rel}","templated":true}]}}