{"id":8703,"date":"2015-02-20T14:26:54","date_gmt":"2015-02-20T12:26:54","guid":{"rendered":"http:\/\/www.portaldelolleria.es\/?p=8703"},"modified":"2015-02-20T14:26:54","modified_gmt":"2015-02-20T12:26:54","slug":"bellus-y-montitxelvo-seran-les-proximas-rutas-entre-comarcas-2015","status":"publish","type":"post","link":"http:\/\/www.portaldelolleria.es\/?p=8703","title":{"rendered":"Bell\u00fas y Montitxelvo ser\u00e1n les pr\u00f3ximas rutas \u00abEntre Comarcas 2015\u00bb"},"content":{"rendered":"<p><a href=\"http:\/\/www.portaldelolleria.es\/wp-content\/uploads\/2015\/02\/mancomunitat1.jpg\"><img loading=\"lazy\" class=\"aligncenter size-full wp-image-8705\" title=\"mancomunitat\" src=\"http:\/\/www.portaldelolleria.es\/wp-content\/uploads\/2015\/02\/mancomunitat1.jpg\" alt=\"\" width=\"598\" height=\"398\" srcset=\"http:\/\/www.portaldelolleria.es\/wp-content\/uploads\/2015\/02\/mancomunitat1.jpg 598w, http:\/\/www.portaldelolleria.es\/wp-content\/uploads\/2015\/02\/mancomunitat1-300x199.jpg 300w\" sizes=\"(max-width: 598px) 100vw, 598px\" \/><\/a><\/p>\n<h4 align=\"center\">Bell\u00fas y Montitxelvo ser\u00e1n les pr\u00f3ximas rutas<\/h4>\n<p><strong>La Vall d\u2019Albaida\/\/17.02.2015<\/strong>. La Mancomunidad de municipios del Vall d\u2019 Albaida, la Mancomunidad de la Ribera Alta y Baja han preparado un programa de rutas tur\u00edsticas guiadas con el objetivo de dar a conocer todo el patrimonio hist\u00f3rico art\u00edstico a la vez que vertebrar parte de los municipios la provincia de Valencia.<\/p>\n<p>El presidente de la Mancomunidad de Municipios de la Vall d\u2019Albaida, Juan A. Puchades, ha destacado: \u00abel programa Entre comarcas es un proyecto acertado que adem\u00e1s de combinar los atractivos de las tres comarcas est\u00e1 especializado en el turismo familiar y cultural\u00bb, ha continuado:\u00bblas rutas tur\u00edsticas que est\u00e1n ofertadas son la excusa perfecta para realizar turismo familiar, cultural y patrimonial, as\u00ed como el programa de Natur Balance para realizar turismo deportivo\u00bb.<\/p>\n<p>El pasado s\u00e1bado se reunieron un grupo de turistas en el ayuntamiento de Albaida con el prop\u00f3sito de realizar la ruta cultural de Albaida. El itinerario fue la Casa Museo del pintor Jos\u00e9 Segrelles, el Museo Internacional de T\u00edteres de Albaida, el museo municipal de Belenes y Dioramas, la Cova el Vall y el palacio de Mil\u00e0 i Arag\u00f3. La visita finaliz\u00f3 con una peque\u00f1a degustaci\u00f3n gastron\u00f3mica para todos los participantes.<\/p>\n<p>El domingo se concentraron en el ayuntamiento Alcudia un grupo de visitantes para realizar la ruta \u00abVen y Volver\u00e1s\u00bb .El itinerario fue el casco antiguo, el ayuntamiento, la noria, el huerto de Manus, la ermita, la iglesia, el convento, y la casa de la Cultura. La ruta finaliz\u00f3 con una tapa gastron\u00f3mica.<\/p>\n<p>As\u00ed tambi\u00e9n Alfarras\u00ed acogi\u00f3 la segunda sesi\u00f3n de naturbalance 2015 con un alto \u00e9xito de participaci\u00f3n, la pr\u00f3xima cita ser\u00e1 en Ontinyent a las 11: 00h en el polideportivo municipal.<\/p>\n<p>Las mancomunidades de la Ribera Alta, Ribera Baja y la Vall d\u2019Albaida, con la colaboraci\u00f3n de los municipios y el patrocinio del patronato de turismo Valencia Terra i Mar de la Diputaci\u00f3n de Valencia, han organizado para este fin de semana las visitas guiadas a las poblaciones de Montitxelvo y Bell\u00fas.<\/p>\n<p><strong><span style=\"text-decoration: underline;\">S\u00e1bado 21 de febrero: Bell\u00fas<\/span><\/strong><\/p>\n<p>El s\u00e1bado a las 10: 30h de la ma\u00f1ana, desde la puerta del ayuntamiento de Bell\u00fas se realizar\u00e1 la ruta al embalse de Bell\u00fas y visita a las instalaciones de la presa incluida dentro del programa de rutas tur\u00edsticas Entre comarcas 2015. Se ruega inscripci\u00f3n previa a trav\u00e9s del formulario on line. La ruta finalizar\u00e1 en una peque\u00f1a degustaci\u00f3n gastron\u00f3mica para todos los participantes.<\/p>\n<p><strong><span style=\"text-decoration: underline;\">Domingo 22 febrero: Montitxelvo<\/span><\/strong><\/p>\n<p>El domingo por la ma\u00f1ana, a las 10: 30h, desde la puerta del ayuntamiento de Montitxelvo se realizar\u00e1 un paseo por Montitxelvo incluida dentro del programa de rutas tur\u00edsticas Entre comarcas 2015. Se ruega inscripci\u00f3n previa a trav\u00e9s del formulario on line. El itinerario ser\u00e1 el casco antiguo, el ayuntamiento, la iglesia de Santa Ana, la Muralla, la Fuente de Abajo. Adem\u00e1s, tambi\u00e9n se visitar\u00e1 el acueducto del Planet y el riu rau de Montitxelvo. La ruta finaliza con una peque\u00f1a degustaci\u00f3n gastron\u00f3mica para todos los participantes.<\/p>\n<p>&nbsp;<\/p>\n<div>\n<p><strong>PROJECTE ENTRE COMARQUES 2015 &gt; del 7 de febrer al 14 de juny de 2015<\/strong><\/p>\n<p><strong>Link del programa Entre Comarques 2015<\/strong><\/p>\n<p><a href=\"http:\/\/goo.gl\/hlJFHh\">http:\/\/goo.gl\/hlJFHh<\/a><\/p>\n<p><strong>Link formulario de inscripci\u00f3n Entre Comarques 2015<\/strong><\/p>\n<p><a href=\"http:\/\/goo.gl\/zJaiT4\">http:\/\/goo.gl\/zJaiT4<\/a><\/p>\n<\/div>\n<p>&nbsp;<\/p>\n<div>\n<p><strong>PROJECTE NATUR BALANCE 2015 &gt; del 8 de febrer al 26 d\u2019abril de 2015<\/strong><\/p>\n<p><strong>Link Programa Natur Balance<\/strong><\/p>\n<p><strong><a href=\"http:\/\/goo.gl\/7en7Un\">http:\/\/goo.gl\/7en7Un<\/a><\/strong><\/p>\n<p><strong>Link Formulario de inscripci\u00f3n Natur Balance<\/strong><\/p>\n<p><strong><a href=\"http:\/\/goo.gl\/QNGVdX\">http:\/\/goo.gl\/QNGVdX<\/a><\/strong><\/p>\n<\/div>\n<p><strong><span style=\"text-decoration: underline;\">\u00a0<\/span><\/strong><\/p>\n","protected":false},"excerpt":{"rendered":"<p>Bell\u00fas y Montitxelvo ser\u00e1n les pr\u00f3ximas rutas La Vall d\u2019Albaida\/\/17.02.2015. La Mancomunidad de municipios del Vall d\u2019 Albaida, la Mancomunidad de la Ribera Alta y Baja han preparado un programa de rutas tur\u00edsticas guiadas con el objetivo de dar a conocer todo el patrimonio hist\u00f3rico art\u00edstico a la vez que vertebrar parte de los municipios [&hellip;]<\/p>\n","protected":false},"author":1,"featured_media":0,"comment_status":"closed","ping_status":"open","sticky":false,"template":"","format":"standard","meta":{"_monsterinsights_skip_tracking":false,"_monsterinsights_sitenote_active":false,"_monsterinsights_sitenote_note":"","_monsterinsights_sitenote_category":0},"categories":[171,12],"tags":[80,1342,113,1303],"_links":{"self":[{"href":"http:\/\/www.portaldelolleria.es\/index.php?rest_route=\/wp\/v2\/posts\/8703"}],"collection":[{"href":"http:\/\/www.portaldelolleria.es\/index.php?rest_route=\/wp\/v2\/posts"}],"about":[{"href":"http:\/\/www.portaldelolleria.es\/index.php?rest_route=\/wp\/v2\/types\/post"}],"author":[{"embeddable":true,"href":"http:\/\/www.portaldelolleria.es\/index.php?rest_route=\/wp\/v2\/users\/1"}],"replies":[{"embeddable":true,"href":"http:\/\/www.portaldelolleria.es\/index.php?rest_route=%2Fwp%2Fv2%2Fcomments&post=8703"}],"version-history":[{"count":1,"href":"http:\/\/www.portaldelolleria.es\/index.php?rest_route=\/wp\/v2\/posts\/8703\/revisions"}],"predecessor-version":[{"id":8706,"href":"http:\/\/www.portaldelolleria.es\/index.php?rest_route=\/wp\/v2\/posts\/8703\/revisions\/8706"}],"wp:attachment":[{"href":"http:\/\/www.portaldelolleria.es\/index.php?rest_route=%2Fwp%2Fv2%2Fmedia&parent=8703"}],"wp:term":[{"taxonomy":"category","embeddable":true,"href":"http:\/\/www.portaldelolleria.es\/index.php?rest_route=%2Fwp%2Fv2%2Fcategories&post=8703"},{"taxonomy":"post_tag","embeddable":true,"href":"http:\/\/www.portaldelolleria.es\/index.php?rest_route=%2Fwp%2Fv2%2Ftags&post=8703"}],"curies":[{"name":"wp","href":"https:\/\/api.w.org\/{rel}","templated":true}]}}