{"id":8918,"date":"2015-03-09T15:49:29","date_gmt":"2015-03-09T13:49:29","guid":{"rendered":"http:\/\/www.portaldelolleria.es\/?p=8918"},"modified":"2015-03-09T15:49:29","modified_gmt":"2015-03-09T13:49:29","slug":"espai-ideo-curso-de-formacion-cierre-del-ejercicio-contable-2014","status":"publish","type":"post","link":"http:\/\/www.portaldelolleria.es\/?p=8918","title":{"rendered":"Espai Ideo: Curso de formaci\u00f3n  Cierre del ejercicio Contable 2014"},"content":{"rendered":"<p><a href=\"http:\/\/www.portaldelolleria.es\/wp-content\/uploads\/2015\/03\/curso-contable.jpg\"><img loading=\"lazy\" class=\"aligncenter size-full wp-image-8919\" title=\"curso contable\" src=\"http:\/\/www.portaldelolleria.es\/wp-content\/uploads\/2015\/03\/curso-contable.jpg\" alt=\"\" width=\"598\" height=\"398\" srcset=\"http:\/\/www.portaldelolleria.es\/wp-content\/uploads\/2015\/03\/curso-contable.jpg 598w, http:\/\/www.portaldelolleria.es\/wp-content\/uploads\/2015\/03\/curso-contable-300x199.jpg 300w\" sizes=\"(max-width: 598px) 100vw, 598px\" \/><\/a><\/p>\n<p>&nbsp;<\/p>\n<p>Curso de FORMACI\u00d3N en L&#8217;Olleria:<\/p>\n<p>\u00abCIERRE DEL EJERCICIO CONTABLE 2014\u00bb<\/p>\n<p>D\u00edas: 16 y 23 de marzo.<br \/>\nHorario: Tarde, de 16:00 h a 20:00 h.<br \/>\nDuraci\u00f3n: 8 horas.<br \/>\nLugar de realizaci\u00f3n: Espacio ideo Start-UPV, C \/ San Juan XXIII, n\u00ba25, L&#8217;Olleria.<br \/>\nDirigido a: Empresarios, gerentes, directivos, responsables del departamento financiero &#8230;<br \/>\nPonente: Puri Momp\u00f3 Conesa. (Contable. Gerente de la empresa \u00abVALLE gesti\u00f3n &amp; formaci\u00f3n\u00bb)<br \/>\nPrecio del Curso: 50 \u20ac<br \/>\nIngreso en n\u00famero de cuenta y m\u00e1s info:<\/p>\n<ul>\n<li>\n<ul>\n<li><span style=\"text-decoration: underline;\"> <a href=\"https:\/\/pgmorell.wordpress.com\/servicios\/formacion\/oferta-formativa-olleria-1o-semestre-2015\/cierre-del-ejercicio-2014\/\">https:\/\/pgmorell.wordpress.com\/servicios\/formacion\/oferta-formativa-olleria-1o-semestre-2015\/cierre-del-ejercicio-2014\/<\/a><\/span><\/li>\n<\/ul>\n<\/li>\n<\/ul>\n","protected":false},"excerpt":{"rendered":"<p>&nbsp; Curso de FORMACI\u00d3N en L&#8217;Olleria: \u00abCIERRE DEL EJERCICIO CONTABLE 2014\u00bb D\u00edas: 16 y 23 de marzo. Horario: Tarde, de 16:00 h a 20:00 h. Duraci\u00f3n: 8 horas. Lugar de realizaci\u00f3n: Espacio ideo Start-UPV, C \/ San Juan XXIII, n\u00ba25, L&#8217;Olleria. Dirigido a: Empresarios, gerentes, directivos, responsables del departamento financiero &#8230; Ponente: Puri Momp\u00f3 Conesa. [&hellip;]<\/p>\n","protected":false},"author":1,"featured_media":0,"comment_status":"closed","ping_status":"open","sticky":false,"template":"","format":"standard","meta":{"_monsterinsights_skip_tracking":false,"_monsterinsights_sitenote_active":false,"_monsterinsights_sitenote_note":"","_monsterinsights_sitenote_category":0},"categories":[11,12],"tags":[],"_links":{"self":[{"href":"http:\/\/www.portaldelolleria.es\/index.php?rest_route=\/wp\/v2\/posts\/8918"}],"collection":[{"href":"http:\/\/www.portaldelolleria.es\/index.php?rest_route=\/wp\/v2\/posts"}],"about":[{"href":"http:\/\/www.portaldelolleria.es\/index.php?rest_route=\/wp\/v2\/types\/post"}],"author":[{"embeddable":true,"href":"http:\/\/www.portaldelolleria.es\/index.php?rest_route=\/wp\/v2\/users\/1"}],"replies":[{"embeddable":true,"href":"http:\/\/www.portaldelolleria.es\/index.php?rest_route=%2Fwp%2Fv2%2Fcomments&post=8918"}],"version-history":[{"count":1,"href":"http:\/\/www.portaldelolleria.es\/index.php?rest_route=\/wp\/v2\/posts\/8918\/revisions"}],"predecessor-version":[{"id":8920,"href":"http:\/\/www.portaldelolleria.es\/index.php?rest_route=\/wp\/v2\/posts\/8918\/revisions\/8920"}],"wp:attachment":[{"href":"http:\/\/www.portaldelolleria.es\/index.php?rest_route=%2Fwp%2Fv2%2Fmedia&parent=8918"}],"wp:term":[{"taxonomy":"category","embeddable":true,"href":"http:\/\/www.portaldelolleria.es\/index.php?rest_route=%2Fwp%2Fv2%2Fcategories&post=8918"},{"taxonomy":"post_tag","embeddable":true,"href":"http:\/\/www.portaldelolleria.es\/index.php?rest_route=%2Fwp%2Fv2%2Ftags&post=8918"}],"curies":[{"name":"wp","href":"https:\/\/api.w.org\/{rel}","templated":true}]}}