{"id":894,"date":"2012-07-12T20:53:08","date_gmt":"2012-07-12T19:53:08","guid":{"rendered":"http:\/\/www.portaldelolleria.es\/?p=894"},"modified":"2012-07-14T12:11:06","modified_gmt":"2012-07-14T11:11:06","slug":"se-complica-el-incendio-en-mariola-el-fuego-avanza-hacia-bocairent","status":"publish","type":"post","link":"http:\/\/www.portaldelolleria.es\/?p=894","title":{"rendered":"Se complica el incendio en \u00abMariola\u00bb, surgen dos focos nuevos en Banyeres y Sotarroni"},"content":{"rendered":"<p><a href=\"http:\/\/www.portaldelolleria.es\/wp-content\/uploads\/2012\/07\/mariola4.jpg\"><img loading=\"lazy\" class=\"aligncenter size-full wp-image-904\" title=\"mariola4\" src=\"http:\/\/www.portaldelolleria.es\/wp-content\/uploads\/2012\/07\/mariola4.jpg\" alt=\"\" width=\"598\" height=\"398\" srcset=\"http:\/\/www.portaldelolleria.es\/wp-content\/uploads\/2012\/07\/mariola4.jpg 598w, http:\/\/www.portaldelolleria.es\/wp-content\/uploads\/2012\/07\/mariola4-300x199.jpg 300w\" sizes=\"(max-width: 598px) 100vw, 598px\" \/><\/a><\/p>\n<p>Un incendio forestal amenaza el Parque Natural de la Sierra de Mariola. Al parecer, el fuego se ha declarado pasadas las tres de la tarde en el paraje de Les Coves, entre las localidades alicantinas de Cocentaina y Alcoy, detr\u00e1s de la urbanizaci\u00f3n &#8216;Gormaig&#8217;, donde hay diseminados chal\u00e9s y varios pol\u00edgonos industriales.<br \/>\nEl fuego ha arrasado ya alrededor de 100 hect\u00e1reas en Alcoy y avanza hacia el t\u00e9rmino municipal de Bocairent, donde est\u00e1n llegando m\u00e1s efectivos desde Valencia para ayudar en las labores de extinci\u00f3n del incendio.<br \/>\nActualmente los dispositivos est\u00e1n actuando con fuerza en el Mas dels Capellans, que es donde se encuentra el epicentro del incendio.<br \/>\nAsimismo, contin\u00faan desalojando zonas por precauci\u00f3n. Hace escasos instantes la Guardia Civil ha procedido a la evacuaci\u00f3n de las personas que permanec\u00edan en el camping de Mariola y la urbanizaci\u00f3n del Pinatell, ubicada en Bocairent.<br \/>\nEl n\u00famero de efectivos que est\u00e1 trabajando sin descanso en la zona es ya de 150.<br \/>\nEl Ayuntamiento de Alcoy ha habilitado un autob\u00fas para desalojar el centro ocupacional de Gormaget, que se ha hecho efectivo por precauci\u00f3n alrededor de las 17.00 horas. Las personas evacuadas, alrededor de 40, han sido trasladadas al polideportivo Francisco Laporta de la ciudad.<br \/>\nEl fuego en la Font de Serelles se encuentra actualmente controlado. As\u00ed lo ha confirmado el concejal de Medio Ambiente de Alcoy, Jordi Tormo, quien detalla que el dispositivo de medios a\u00e9reos y autobombas est\u00e1 desplaz\u00e1ndose ahora hacia las Casas de Vilaplana, zona situada en la parte trasera del Barranc del Cint.<br \/>\nLas autoridades tambi\u00e9n han evacuado las piscinas municipales alcoyanas para llenar de agua las cubas con las que los bomberos combaten el fuego.<br \/>\nEn las tareas de extinci\u00f3n del fuego trabajan quince medios a\u00e9reos, ocho autobombas, trece brigadas y trece veh\u00edculos de bomberos, seg\u00fan informa la Generalitat.<br \/>\nAsimismo, se ha activado el Plan de Emergencia Local en coordinaci\u00f3n con la Cruz Roja para que se pueda habilitar un centro de campa\u00f1a en el mismo polideportivo para estas personas.<br \/>\nEl servicio de emergencias de la Generalitat ha recibido el aviso a las 15.22 horas de esta tarde, seg\u00fan ha informado el 112 a trav\u00e9s de su cuenta en Twitter.<br \/>\nMuestras de solidaridad<br \/>\nEl Ayuntamiento de Alcoy ha agradecido el apoyo mostrado por los vecinos de la localidad y los multitudinarios ofrecimientos de ayuda. Los profesionales no han visto necesidad de hacer un llamamiento a la ciudadan\u00eda en busca de voluntarios que ayuden en las labores de extinci\u00f3n o en la preparaci\u00f3n de material para las personas desalojadas.<br \/>\nA las 21:30 horas, la situaci\u00f3n es que el fuego avanza hac\u00eda Bocairent, el oscilamiento del viento dificulta el control, se prev\u00e9 una larga noche para las brigadas terrestres.<\/p>\n<p><a href=\"http:\/\/www.portaldelolleria.es\/wp-content\/uploads\/2012\/07\/incendio-alcoi.jpg\"><img loading=\"lazy\" class=\"aligncenter size-full wp-image-906\" title=\"incendio-alcoi\" src=\"http:\/\/www.portaldelolleria.es\/wp-content\/uploads\/2012\/07\/incendio-alcoi.jpg\" alt=\"\" width=\"598\" height=\"897\" srcset=\"http:\/\/www.portaldelolleria.es\/wp-content\/uploads\/2012\/07\/incendio-alcoi.jpg 598w, http:\/\/www.portaldelolleria.es\/wp-content\/uploads\/2012\/07\/incendio-alcoi-200x300.jpg 200w\" sizes=\"(max-width: 598px) 100vw, 598px\" \/><\/a><\/p>\n","protected":false},"excerpt":{"rendered":"<p>Un incendio forestal amenaza el Parque Natural de la Sierra de Mariola. Al parecer, el fuego se ha declarado pasadas las tres de la tarde en el paraje de Les Coves, entre las localidades alicantinas de Cocentaina y Alcoy, detr\u00e1s de la urbanizaci\u00f3n &#8216;Gormaig&#8217;, donde hay diseminados chal\u00e9s y varios pol\u00edgonos industriales. El fuego ha [&hellip;]<\/p>\n","protected":false},"author":2,"featured_media":0,"comment_status":"closed","ping_status":"open","sticky":false,"template":"","format":"standard","meta":{"_monsterinsights_skip_tracking":false,"_monsterinsights_sitenote_active":false,"_monsterinsights_sitenote_note":"","_monsterinsights_sitenote_category":0},"categories":[3],"tags":[232,233,228,229],"_links":{"self":[{"href":"http:\/\/www.portaldelolleria.es\/index.php?rest_route=\/wp\/v2\/posts\/894"}],"collection":[{"href":"http:\/\/www.portaldelolleria.es\/index.php?rest_route=\/wp\/v2\/posts"}],"about":[{"href":"http:\/\/www.portaldelolleria.es\/index.php?rest_route=\/wp\/v2\/types\/post"}],"author":[{"embeddable":true,"href":"http:\/\/www.portaldelolleria.es\/index.php?rest_route=\/wp\/v2\/users\/2"}],"replies":[{"embeddable":true,"href":"http:\/\/www.portaldelolleria.es\/index.php?rest_route=%2Fwp%2Fv2%2Fcomments&post=894"}],"version-history":[{"count":7,"href":"http:\/\/www.portaldelolleria.es\/index.php?rest_route=\/wp\/v2\/posts\/894\/revisions"}],"predecessor-version":[{"id":924,"href":"http:\/\/www.portaldelolleria.es\/index.php?rest_route=\/wp\/v2\/posts\/894\/revisions\/924"}],"wp:attachment":[{"href":"http:\/\/www.portaldelolleria.es\/index.php?rest_route=%2Fwp%2Fv2%2Fmedia&parent=894"}],"wp:term":[{"taxonomy":"category","embeddable":true,"href":"http:\/\/www.portaldelolleria.es\/index.php?rest_route=%2Fwp%2Fv2%2Fcategories&post=894"},{"taxonomy":"post_tag","embeddable":true,"href":"http:\/\/www.portaldelolleria.es\/index.php?rest_route=%2Fwp%2Fv2%2Ftags&post=894"}],"curies":[{"name":"wp","href":"https:\/\/api.w.org\/{rel}","templated":true}]}}