{"id":9003,"date":"2015-04-14T11:49:19","date_gmt":"2015-04-14T09:49:19","guid":{"rendered":"http:\/\/www.portaldelolleria.es\/?p=9003"},"modified":"2015-04-14T11:58:01","modified_gmt":"2015-04-14T09:58:01","slug":"lolleria-acoge-el-estreno-de-la-missa-santa-cecilia","status":"publish","type":"post","link":"http:\/\/www.portaldelolleria.es\/?p=9003","title":{"rendered":"L&#8217;Olleria acoge el estreno de la \u00abMissa Santa Cecilia\u00bb"},"content":{"rendered":"<p><a href=\"http:\/\/www.portaldelolleria.es\/wp-content\/uploads\/2015\/04\/missa1.jpg\"><img loading=\"lazy\" class=\"aligncenter size-full wp-image-9012\" title=\"missa\" src=\"http:\/\/www.portaldelolleria.es\/wp-content\/uploads\/2015\/04\/missa1.jpg\" alt=\"\" width=\"598\" height=\"398\" srcset=\"http:\/\/www.portaldelolleria.es\/wp-content\/uploads\/2015\/04\/missa1.jpg 598w, http:\/\/www.portaldelolleria.es\/wp-content\/uploads\/2015\/04\/missa1-300x199.jpg 300w\" sizes=\"(max-width: 598px) 100vw, 598px\" \/><\/a><\/p>\n<p>&nbsp;<\/p>\n<p>El pr\u00f3ximo domingo 19 de abril, L&#8217;Olleria acoge el estreno la Missa Santa Cec\u00edlia, para Coro y Banda,\u00a0 del compositor holand\u00e9s Jacob de Haan. Ser\u00e1 a las 12 del mediod\u00eda en la Iglesia de la Virgen de Loreto.\u00a0\u00a0 El mismo d\u00eda se repetir\u00e1 la actuaci\u00f3n\u00a0 en la Iglesia Escuelas Pias de Gand\u00eda , a las 20:00h<\/p>\n<p>La \u00faltima representaci\u00f3n, tendr\u00e1 lugar el 24 de abril a las 22:30 h\u00a0 en el Auditorio Luis Peir\u00f3 de Montaverner.<\/p>\n<p>Para este estreno, se juntar\u00e1n una selecci\u00f3n de musicos pertenecientes a la SEM Santa Cecilia y el Coro de la SEM, de l&#8217;Olleria,\u00a0 el Coro de \u00abVeus de la Safor\u00bb y la Agrupaci\u00f3n Coral Clarialba de Montaverner.<\/p>\n<p><strong>19 abril 12h<\/strong><br \/>\nEsgl\u00e8sia Verge de Loreto de l\u2019Olleria<br \/>\n<strong>19 abril 20 h<\/strong><br \/>\nEsgl\u00e8sia Escuelas Pias de Gandia<br \/>\n<strong>24 abril 22:30h<\/strong><br \/>\nAuditori Luis Peir\u00f3 de Montaverner<\/p>\n<p>&nbsp;<\/p>\n<p><span style=\"color: #800000;\"><strong>1\u00aa PART<\/strong><\/span><\/p>\n<p><strong>Agrupaci\u00f3 Vocal Clarialba:<\/strong><br \/>\nEsta Tierra &#8230;&#8230;&#8230;&#8230;&#8230;&#8230;&#8230;&#8230;&#8230;&#8230;&#8230;&#8230;&#8230;&#8230;&#8230;&#8230;..Javier Busto<br \/>\nCamino del Viento&#8230;&#8230;&#8230;&#8230;&#8230;&#8230;&#8230;&#8230;..A. Maldino-D.Zama<br \/>\nDirector: David Gonz\u00e1lez Tormo<br \/>\n<strong><\/strong><\/p>\n<p><strong>Cor Veus de la Safor de la Parr\u00f2quia Crist Rei:<\/strong><br \/>\nAve Mar\u00eda&#8230;&#8230;&#8230;&#8230;&#8230;&#8230;&#8230;&#8230;&#8230;&#8230;&#8230;&#8230;&#8230;&#8230;T. Luis de Victoria<\/p>\n<p>Soon Ah Will Be Done&#8230;&#8230;&#8230;&#8230;&#8230;&#8230;&#8230;&#8230;..William Dawson<br \/>\nDirector: Salva Garc\u00eda Bataller<br \/>\n<strong><\/strong><\/p>\n<p><strong>Cor SEM Santa Cec\u00edlia de l\u2019 Olleria:<\/strong><br \/>\nLook Down Lord&#8230;&#8230;&#8230;&#8230;&#8230;&#8230;&#8230;&#8230;&#8230;&#8230;&#8230;&#8230;&#8230;Jhon Williams<br \/>\nAdapt. A.Briz<br \/>\nGabriel\u2019s Oboe&#8230;&#8230;&#8230;&#8230;&#8230;&#8230;&#8230;&#8230;&#8230;&#8230;&#8230;&#8230;&#8230;&#8230;.E. Morricone<br \/>\nDirector: Alejandro Briz Company<\/p>\n<p><span style=\"color: #800000;\"><strong>2\u00aa PART<\/strong><\/span><br \/>\n<span style=\"color: #003300;\"><strong>Jacob de Haan<\/strong>_________________________________<\/span><br \/>\n<span style=\"color: #003300;\">Jacob de Haan, nacido el 28 de marzo de 1959, en Heerenveen, Pa\u00edses Bajos, es uno de los compositores de m\u00fasica de viento m\u00e1s populares y m\u00e1s escuchados de nuestro tiempo. Es famoso por sus bandas sonoras y por la combinaci\u00f3n de estilos. Quiz\u00e1 la pieza m\u00e1s conocida sea Oregon. Su repertorio para banda de m\u00fasica consiste en obras de diferente grado de dificultad, peque\u00f1as piezas de concierto y piezas populares. Adem\u00e1s, tambi\u00e9n ha realizado algunos arreglos para orquesta y coro.<\/span><\/p>\n<p>La Missa Santa Cecilia es la tercera Missa para banda y coro de su repertorio. Las dos primeras (Missa Brevis y Missa Katharina) han sido un \u00e9xito y han sido interpretadas por todo el mundo<br \/>\nMissa Santa Cec\u00edlia&#8230;&#8230;..\u2026\u2026\u2026\u2026\u2026Jacob de Haan<br \/>\n(*Estrena absoluta a Espanya)<br \/>\nI. Kirye<br \/>\nII. Gloria<br \/>\nIII.Credo<br \/>\nIV.Sanctus<br \/>\nV. Benedictus<br \/>\nVI. Agnus Dei<br \/>\nDirector: Enrique Alborch Tarras\u00f3<\/p>\n<p><a href=\"http:\/\/www.portaldelolleria.es\/wp-content\/uploads\/2015\/04\/missa2.jpg\"><img loading=\"lazy\" class=\"aligncenter size-full wp-image-9010\" title=\"missa2\" src=\"http:\/\/www.portaldelolleria.es\/wp-content\/uploads\/2015\/04\/missa2.jpg\" alt=\"\" width=\"598\" height=\"919\" srcset=\"http:\/\/www.portaldelolleria.es\/wp-content\/uploads\/2015\/04\/missa2.jpg 598w, http:\/\/www.portaldelolleria.es\/wp-content\/uploads\/2015\/04\/missa2-195x300.jpg 195w\" sizes=\"(max-width: 598px) 100vw, 598px\" \/><\/a><\/p>\n","protected":false},"excerpt":{"rendered":"<p>&nbsp; El pr\u00f3ximo domingo 19 de abril, L&#8217;Olleria acoge el estreno la Missa Santa Cec\u00edlia, para Coro y Banda,\u00a0 del compositor holand\u00e9s Jacob de Haan. Ser\u00e1 a las 12 del mediod\u00eda en la Iglesia de la Virgen de Loreto.\u00a0\u00a0 El mismo d\u00eda se repetir\u00e1 la actuaci\u00f3n\u00a0 en la Iglesia Escuelas Pias de Gand\u00eda , a [&hellip;]<\/p>\n","protected":false},"author":1,"featured_media":0,"comment_status":"closed","ping_status":"open","sticky":false,"template":"","format":"standard","meta":{"_monsterinsights_skip_tracking":false,"_monsterinsights_sitenote_active":false,"_monsterinsights_sitenote_note":"","_monsterinsights_sitenote_category":0},"categories":[15,789,12],"tags":[625,1345,905,464,427,167],"_links":{"self":[{"href":"http:\/\/www.portaldelolleria.es\/index.php?rest_route=\/wp\/v2\/posts\/9003"}],"collection":[{"href":"http:\/\/www.portaldelolleria.es\/index.php?rest_route=\/wp\/v2\/posts"}],"about":[{"href":"http:\/\/www.portaldelolleria.es\/index.php?rest_route=\/wp\/v2\/types\/post"}],"author":[{"embeddable":true,"href":"http:\/\/www.portaldelolleria.es\/index.php?rest_route=\/wp\/v2\/users\/1"}],"replies":[{"embeddable":true,"href":"http:\/\/www.portaldelolleria.es\/index.php?rest_route=%2Fwp%2Fv2%2Fcomments&post=9003"}],"version-history":[{"count":5,"href":"http:\/\/www.portaldelolleria.es\/index.php?rest_route=\/wp\/v2\/posts\/9003\/revisions"}],"predecessor-version":[{"id":9015,"href":"http:\/\/www.portaldelolleria.es\/index.php?rest_route=\/wp\/v2\/posts\/9003\/revisions\/9015"}],"wp:attachment":[{"href":"http:\/\/www.portaldelolleria.es\/index.php?rest_route=%2Fwp%2Fv2%2Fmedia&parent=9003"}],"wp:term":[{"taxonomy":"category","embeddable":true,"href":"http:\/\/www.portaldelolleria.es\/index.php?rest_route=%2Fwp%2Fv2%2Fcategories&post=9003"},{"taxonomy":"post_tag","embeddable":true,"href":"http:\/\/www.portaldelolleria.es\/index.php?rest_route=%2Fwp%2Fv2%2Ftags&post=9003"}],"curies":[{"name":"wp","href":"https:\/\/api.w.org\/{rel}","templated":true}]}}