{"id":9023,"date":"2015-04-17T00:36:51","date_gmt":"2015-04-16T22:36:51","guid":{"rendered":"http:\/\/www.portaldelolleria.es\/?p=9023"},"modified":"2015-04-17T00:55:03","modified_gmt":"2015-04-16T22:55:03","slug":"montaverner-convoca-la-3%c2%aa-edicion-de-su-festival-de-documentales","status":"publish","type":"post","link":"http:\/\/www.portaldelolleria.es\/?p=9023","title":{"rendered":"Montaverner convoca la 3\u00aa edici\u00f3n de su festival de documentales."},"content":{"rendered":"<p style=\"text-align: justify;\" align=\"center\"><a href=\"http:\/\/www.portaldelolleria.es\/wp-content\/uploads\/2015\/04\/mondoc.jpg\"><img loading=\"lazy\" class=\"aligncenter size-full wp-image-9025\" title=\"mondoc\" src=\"http:\/\/www.portaldelolleria.es\/wp-content\/uploads\/2015\/04\/mondoc.jpg\" alt=\"\" width=\"598\" height=\"398\" srcset=\"http:\/\/www.portaldelolleria.es\/wp-content\/uploads\/2015\/04\/mondoc.jpg 598w, http:\/\/www.portaldelolleria.es\/wp-content\/uploads\/2015\/04\/mondoc-300x199.jpg 300w\" sizes=\"(max-width: 598px) 100vw, 598px\" \/><\/a><\/p>\n<p style=\"text-align: justify;\" align=\"center\"><strong>Montaverner convoca la 3\u00aa edici\u00f3n de su festival de documentales.<\/strong><\/p>\n<p style=\"text-align: justify;\" align=\"center\"><strong>\u00a0<\/strong><\/p>\n<p style=\"text-align: justify;\" align=\"center\"><strong>El tercer Premio MON\u00b7DOC forma parte de la 7\u00aa edici\u00f3n de la Mostra Documental de Montaverner.<\/strong><\/p>\n<p style=\"text-align: justify;\" align=\"center\"><strong>\u00a0<\/strong><\/p>\n<p style=\"text-align: justify;\">El Ayuntamiento de Montaverner, a trav\u00e9s de la Concejal\u00eda de Cultura, convoca la tercera edici\u00f3n del Premio MON\u00b7DOC, un festival en el que pueden participar documentales producidos en Espa\u00f1a desde 2013.<\/p>\n<p style=\"text-align: justify;\">Despu\u00e9s de la magn\u00edfica participaci\u00f3n, tanto por el n\u00famero como por la calidad de los documentales presentados a la segunda convocatoria del Premio, desde MON\u00b7DOC se muestran esperanzados de seguir creciendo con esta nueva edici\u00f3n.<\/p>\n<p style=\"text-align: justify;\">MON\u00b7DOC es una iniciativa \u00fanica en nuestra comunidad por estar dedicada \u00edntegramente al cine documental, y desde el primer momento ha contado con el apoyo de instituciones como el SARC (Diputaci\u00f3n de Valencia) y CulturArts (Conselleria de Educaci\u00f3n, Cultura y Deporte).<\/p>\n<p style=\"text-align: justify;\">El plazo para presentar los documentales estar\u00e1 abierto hasta el 30 de mayo de 2015. Las bases del certamen y el formulario de inscripci\u00f3n est\u00e1n disponibles en la web de la Mostra: <a href=\"http:\/\/montdoc.blogspot.com.es\">http:\/\/montdoc.blogspot.com.es<\/a>.<\/p>\n","protected":false},"excerpt":{"rendered":"<p>Montaverner convoca la 3\u00aa edici\u00f3n de su festival de documentales. \u00a0 El tercer Premio MON\u00b7DOC forma parte de la 7\u00aa edici\u00f3n de la Mostra Documental de Montaverner. \u00a0 El Ayuntamiento de Montaverner, a trav\u00e9s de la Concejal\u00eda de Cultura, convoca la tercera edici\u00f3n del Premio MON\u00b7DOC, un festival en el que pueden participar documentales producidos [&hellip;]<\/p>\n","protected":false},"author":1,"featured_media":0,"comment_status":"closed","ping_status":"open","sticky":false,"template":"","format":"standard","meta":{"_monsterinsights_skip_tracking":false,"_monsterinsights_sitenote_active":false,"_monsterinsights_sitenote_note":"","_monsterinsights_sitenote_category":0},"categories":[789],"tags":[],"_links":{"self":[{"href":"http:\/\/www.portaldelolleria.es\/index.php?rest_route=\/wp\/v2\/posts\/9023"}],"collection":[{"href":"http:\/\/www.portaldelolleria.es\/index.php?rest_route=\/wp\/v2\/posts"}],"about":[{"href":"http:\/\/www.portaldelolleria.es\/index.php?rest_route=\/wp\/v2\/types\/post"}],"author":[{"embeddable":true,"href":"http:\/\/www.portaldelolleria.es\/index.php?rest_route=\/wp\/v2\/users\/1"}],"replies":[{"embeddable":true,"href":"http:\/\/www.portaldelolleria.es\/index.php?rest_route=%2Fwp%2Fv2%2Fcomments&post=9023"}],"version-history":[{"count":3,"href":"http:\/\/www.portaldelolleria.es\/index.php?rest_route=\/wp\/v2\/posts\/9023\/revisions"}],"predecessor-version":[{"id":9026,"href":"http:\/\/www.portaldelolleria.es\/index.php?rest_route=\/wp\/v2\/posts\/9023\/revisions\/9026"}],"wp:attachment":[{"href":"http:\/\/www.portaldelolleria.es\/index.php?rest_route=%2Fwp%2Fv2%2Fmedia&parent=9023"}],"wp:term":[{"taxonomy":"category","embeddable":true,"href":"http:\/\/www.portaldelolleria.es\/index.php?rest_route=%2Fwp%2Fv2%2Fcategories&post=9023"},{"taxonomy":"post_tag","embeddable":true,"href":"http:\/\/www.portaldelolleria.es\/index.php?rest_route=%2Fwp%2Fv2%2Ftags&post=9023"}],"curies":[{"name":"wp","href":"https:\/\/api.w.org\/{rel}","templated":true}]}}