{"id":9146,"date":"2015-04-27T13:37:21","date_gmt":"2015-04-27T11:37:21","guid":{"rendered":"http:\/\/www.portaldelolleria.es\/?p=9146"},"modified":"2015-04-27T14:13:59","modified_gmt":"2015-04-27T12:13:59","slug":"mas-de-25-personas-asisten-al-primer-curso-de-defensa-personal","status":"publish","type":"post","link":"http:\/\/www.portaldelolleria.es\/?p=9146","title":{"rendered":"M\u00e1s de 25 personas asisten al primer curso de defensa personal"},"content":{"rendered":"<p><a href=\"http:\/\/www.portaldelolleria.es\/wp-content\/uploads\/2015\/04\/defensapersonal3.jpg\"><img loading=\"lazy\" class=\"aligncenter size-full wp-image-9147\" title=\"defensapersonal3\" src=\"http:\/\/www.portaldelolleria.es\/wp-content\/uploads\/2015\/04\/defensapersonal3.jpg\" alt=\"\" width=\"598\" height=\"398\" srcset=\"http:\/\/www.portaldelolleria.es\/wp-content\/uploads\/2015\/04\/defensapersonal3.jpg 598w, http:\/\/www.portaldelolleria.es\/wp-content\/uploads\/2015\/04\/defensapersonal3-300x199.jpg 300w\" sizes=\"(max-width: 598px) 100vw, 598px\" \/><\/a><\/p>\n<p style=\"text-align: justify;\">M\u00e1s de 25 personas asistieron al primer curso de defensa personal, que se ha realizado en L&#8217;Olleria. Con una duraci\u00f3n de tres horas, la programaci\u00f3n se bas\u00f3 en t\u00e9cnicas simuladas de agresi\u00f3n que la mayor parte de las veces sufren las mujeres,\u00a0\u00a0 como son situaciones de robo, retenci\u00f3n, defensa contra arma blanca y defensa contra golpes.<\/p>\n<blockquote>\n<p style=\"text-align: justify;\">La valoraci\u00f3n de los profesores, todos ellos cinturones negro pertenecientes al grupo de Hapkido del CD Fernando,\u00a0 ha sido muy positiva,\u00a0 dado el inter\u00e9s y la armonia que mostraron los asistentes.<\/p>\n<p><a href=\"http:\/\/www.portaldelolleria.es\/wp-content\/uploads\/2015\/04\/defensapersonal2.jpg\"><img loading=\"lazy\" class=\"aligncenter size-full wp-image-9148\" title=\"defensapersonal2\" src=\"http:\/\/www.portaldelolleria.es\/wp-content\/uploads\/2015\/04\/defensapersonal2.jpg\" alt=\"\" width=\"598\" height=\"398\" srcset=\"http:\/\/www.portaldelolleria.es\/wp-content\/uploads\/2015\/04\/defensapersonal2.jpg 598w, http:\/\/www.portaldelolleria.es\/wp-content\/uploads\/2015\/04\/defensapersonal2-300x199.jpg 300w\" sizes=\"(max-width: 598px) 100vw, 598px\" \/><\/a>fotograf\u00edas: Javier Cebri\u00e1n.<\/p><\/blockquote>\n","protected":false},"excerpt":{"rendered":"<p>M\u00e1s de 25 personas asistieron al primer curso de defensa personal, que se ha realizado en L&#8217;Olleria. Con una duraci\u00f3n de tres horas, la programaci\u00f3n se bas\u00f3 en t\u00e9cnicas simuladas de agresi\u00f3n que la mayor parte de las veces sufren las mujeres,\u00a0\u00a0 como son situaciones de robo, retenci\u00f3n, defensa contra arma blanca y defensa contra [&hellip;]<\/p>\n","protected":false},"author":1,"featured_media":0,"comment_status":"closed","ping_status":"open","sticky":false,"template":"","format":"standard","meta":{"_monsterinsights_skip_tracking":false,"_monsterinsights_sitenote_active":false,"_monsterinsights_sitenote_note":"","_monsterinsights_sitenote_category":0},"categories":[11,12],"tags":[],"_links":{"self":[{"href":"http:\/\/www.portaldelolleria.es\/index.php?rest_route=\/wp\/v2\/posts\/9146"}],"collection":[{"href":"http:\/\/www.portaldelolleria.es\/index.php?rest_route=\/wp\/v2\/posts"}],"about":[{"href":"http:\/\/www.portaldelolleria.es\/index.php?rest_route=\/wp\/v2\/types\/post"}],"author":[{"embeddable":true,"href":"http:\/\/www.portaldelolleria.es\/index.php?rest_route=\/wp\/v2\/users\/1"}],"replies":[{"embeddable":true,"href":"http:\/\/www.portaldelolleria.es\/index.php?rest_route=%2Fwp%2Fv2%2Fcomments&post=9146"}],"version-history":[{"count":5,"href":"http:\/\/www.portaldelolleria.es\/index.php?rest_route=\/wp\/v2\/posts\/9146\/revisions"}],"predecessor-version":[{"id":9153,"href":"http:\/\/www.portaldelolleria.es\/index.php?rest_route=\/wp\/v2\/posts\/9146\/revisions\/9153"}],"wp:attachment":[{"href":"http:\/\/www.portaldelolleria.es\/index.php?rest_route=%2Fwp%2Fv2%2Fmedia&parent=9146"}],"wp:term":[{"taxonomy":"category","embeddable":true,"href":"http:\/\/www.portaldelolleria.es\/index.php?rest_route=%2Fwp%2Fv2%2Fcategories&post=9146"},{"taxonomy":"post_tag","embeddable":true,"href":"http:\/\/www.portaldelolleria.es\/index.php?rest_route=%2Fwp%2Fv2%2Ftags&post=9146"}],"curies":[{"name":"wp","href":"https:\/\/api.w.org\/{rel}","templated":true}]}}