{"id":917,"date":"2012-07-13T12:13:05","date_gmt":"2012-07-13T11:13:05","guid":{"rendered":"http:\/\/www.portaldelolleria.es\/?p=917"},"modified":"2012-07-13T12:13:05","modified_gmt":"2012-07-13T11:13:05","slug":"matraca-teatre-estrena-de-paris-no-venen-en-el-teatro-cine-goya","status":"publish","type":"post","link":"http:\/\/www.portaldelolleria.es\/?p=917","title":{"rendered":"Matraca Teatre estrena \u00abDe Par\u00eds no venen\u00bb  en el Teatro Cine Goya"},"content":{"rendered":"<p><a href=\"http:\/\/www.portaldelolleria.es\/wp-content\/uploads\/2012\/07\/matraca.jpg\"><img loading=\"lazy\" class=\"aligncenter size-full wp-image-918\" title=\"matraca\" src=\"http:\/\/www.portaldelolleria.es\/wp-content\/uploads\/2012\/07\/matraca.jpg\" alt=\"\" width=\"598\" height=\"398\" srcset=\"http:\/\/www.portaldelolleria.es\/wp-content\/uploads\/2012\/07\/matraca.jpg 598w, http:\/\/www.portaldelolleria.es\/wp-content\/uploads\/2012\/07\/matraca-300x199.jpg 300w\" sizes=\"(max-width: 598px) 100vw, 598px\" \/><\/a><\/p>\n<p>El grupo Matraca Teatre, formado por j\u00f3venes artistas de L&#8217;Olleria, interpretar\u00e1 este fin de semana <em>De Par\u00eds no venen<\/em>, una obra compuesta por los propios integrantes del grupo. Iniciativa y talento se fusionan en estos j\u00f3venes que, con paciencia e ilusi\u00f3n, han creado desde la improvisaci\u00f3n las escenas y sketch que forman el conjunto de la funci\u00f3n.<\/p>\n<p>Matraca Teatro est\u00e1 formado por 14 ollerienses, seis chicos y ocho chicas. No es la primera obra que interpretan en el pueblo. Debutaron como grupo en marzo de 2011 con una representaci\u00f3n en conmemoraci\u00f3n del d\u00eda de la mujer. En septiembre del mismo a\u00f1o deleitaron al p\u00fablico asistente al Teatro-Cine Goya con la representaci\u00f3n de Carnaval.<\/p>\n<p>Ahora van m\u00e1s all\u00e1 y ofrecer\u00e1n una obra propia el viernes 13, s\u00e1bado 14 y domingo 15 de julio. Adem\u00e1s, los que se pierdan las sesiones de este fin de semana, tendr\u00e1n la oportunidad de asistir el d\u00eda 29 a la \u00faltima sesi\u00f3n. Los propios integrantes de Matraca definen la obra como \u00abdiferente, divertida, nost\u00e1lgica y para todos los p\u00fablicos\u00bb. El concejal de cultura, Jes\u00fas Engo, ha manifestado que \u00abel ayuntamiento del pueblo apoya al grupo Matraca Teatre, ya que impulsan la actividad cultural y demuestran que, con ilusi\u00f3n y compromiso, se pueden conseguir resultados muy buenos. Es un orgullo acoger en el pueblo una representaci\u00f3n teatral creada por j\u00f3venes de L&#8217;Olleria\u00bb.<\/p>\n<p>Vicente Domingo, el director de <em>De Par\u00eds no venen<\/em> ha animado al pueblo de L&#8217;Olleria a asistir a la funci\u00f3n, ya que est\u00e1 representada por \u00abactores j\u00f3venes con mucha ilusi\u00f3n y que realizan un trabajo propio de profesionales\u00bb. Sobre la tem\u00e1tica de la obra, expres\u00f3 que los actores \u00abrepresentar\u00e1n situaciones t\u00edpicas de los primeros a\u00f1os de vida de una persona desde los momentos previos a la fecundaci\u00f3n hasta la llegada de su adolescencia. Todo ello de forma c\u00f3mica, transform\u00e1ndose en ni\u00f1os y comport\u00e1ndose como tal\u00bb.<\/p>\n<p>Con una duraci\u00f3n aproximada de una hora y media, los interesados \u200b\u200ben disfrutar de esta obra pueden adquirir las entradas por 5 \u20ac en la taquilla del Teatro una hora antes de cada funci\u00f3n o directamente de cualquier miembro del grupo. Los horarios de las sesiones son a las 22:30 horas el viernes y el s\u00e1bado ya las 20:00 horas el domingo. La representaci\u00f3n del domingo 29 tambi\u00e9n ser\u00e1 a las 20:00 horas.<\/p>\n<p><strong>\u00a0<\/strong><\/p>\n","protected":false},"excerpt":{"rendered":"<p>El grupo Matraca Teatre, formado por j\u00f3venes artistas de L&#8217;Olleria, interpretar\u00e1 este fin de semana De Par\u00eds no venen, una obra compuesta por los propios integrantes del grupo. Iniciativa y talento se fusionan en estos j\u00f3venes que, con paciencia e ilusi\u00f3n, han creado desde la improvisaci\u00f3n las escenas y sketch que forman el conjunto de [&hellip;]<\/p>\n","protected":false},"author":2,"featured_media":0,"comment_status":"closed","ping_status":"open","sticky":false,"template":"","format":"standard","meta":{"_monsterinsights_skip_tracking":false,"_monsterinsights_sitenote_active":false,"_monsterinsights_sitenote_note":"","_monsterinsights_sitenote_category":0},"categories":[15,12],"tags":[226,20,234,130],"_links":{"self":[{"href":"http:\/\/www.portaldelolleria.es\/index.php?rest_route=\/wp\/v2\/posts\/917"}],"collection":[{"href":"http:\/\/www.portaldelolleria.es\/index.php?rest_route=\/wp\/v2\/posts"}],"about":[{"href":"http:\/\/www.portaldelolleria.es\/index.php?rest_route=\/wp\/v2\/types\/post"}],"author":[{"embeddable":true,"href":"http:\/\/www.portaldelolleria.es\/index.php?rest_route=\/wp\/v2\/users\/2"}],"replies":[{"embeddable":true,"href":"http:\/\/www.portaldelolleria.es\/index.php?rest_route=%2Fwp%2Fv2%2Fcomments&post=917"}],"version-history":[{"count":1,"href":"http:\/\/www.portaldelolleria.es\/index.php?rest_route=\/wp\/v2\/posts\/917\/revisions"}],"predecessor-version":[{"id":919,"href":"http:\/\/www.portaldelolleria.es\/index.php?rest_route=\/wp\/v2\/posts\/917\/revisions\/919"}],"wp:attachment":[{"href":"http:\/\/www.portaldelolleria.es\/index.php?rest_route=%2Fwp%2Fv2%2Fmedia&parent=917"}],"wp:term":[{"taxonomy":"category","embeddable":true,"href":"http:\/\/www.portaldelolleria.es\/index.php?rest_route=%2Fwp%2Fv2%2Fcategories&post=917"},{"taxonomy":"post_tag","embeddable":true,"href":"http:\/\/www.portaldelolleria.es\/index.php?rest_route=%2Fwp%2Fv2%2Ftags&post=917"}],"curies":[{"name":"wp","href":"https:\/\/api.w.org\/{rel}","templated":true}]}}