{"id":925,"date":"2012-07-14T13:11:05","date_gmt":"2012-07-14T12:11:05","guid":{"rendered":"http:\/\/www.portaldelolleria.es\/?p=925"},"modified":"2012-07-16T19:46:02","modified_gmt":"2012-07-16T18:46:02","slug":"vicente-guaita-pone-broche-final-a-un-memorable-campus-fundacion-valencia-cf-en-lolleria","status":"publish","type":"post","link":"http:\/\/www.portaldelolleria.es\/?p=925","title":{"rendered":"Vicente Guaita, pone broche final a un memorable Campus Fundaci\u00f3n VCF"},"content":{"rendered":"<p><a href=\"http:\/\/www.portaldelolleria.es\/wp-content\/uploads\/2012\/07\/campus-olleria.jpg\"><img loading=\"lazy\" class=\"aligncenter size-full wp-image-929\" title=\"campus-olleria\" src=\"http:\/\/www.portaldelolleria.es\/wp-content\/uploads\/2012\/07\/campus-olleria.jpg\" alt=\"\" width=\"598\" height=\"398\" srcset=\"http:\/\/www.portaldelolleria.es\/wp-content\/uploads\/2012\/07\/campus-olleria.jpg 598w, http:\/\/www.portaldelolleria.es\/wp-content\/uploads\/2012\/07\/campus-olleria-300x199.jpg 300w\" sizes=\"(max-width: 598px) 100vw, 598px\" \/><\/a><\/p>\n<p>Desarrollado desde el d\u00eda 9 de Julio,\u00a0 este primer Campus Fundaci\u00f3n VCF,\u00a0\u00a0 ha permitido a muchos ni\u00f1os, no solo de l&#8217;Olleria, sino de toda la comarca,\u00a0 disfrutar\u00a0 y aprender de t\u00e9cnicas y charlas a cargo de instructores especializados.\u00a0 A juzgar por la opini\u00f3n de ni\u00f1os y padres a la salida del\u00a0 acto de clausura, ha sido m\u00e1s que satisfactorio todo el curso. \u00a0 Si tenemos en cuenta, que es la primera vez que se realiza un Campus de este tipo en la zona, podemos calificarlo de meritorio y memorable,\u00a0 teniendo en cuenta que\u00a0 l&#8217;Olleria fu\u00e9 la sede a pesar de tener cerca ciudades m\u00e1s importantes\u00a0 (X\u00e1tiva, Ontinyent, etc),\u00a0 quiz\u00e1s entre otras cosas por que l&#8217;Olleria muestra como tarjeta de visita una apuesta decidida\u00a0 por las escuelas de futbol base.\u00a0 En esta ocasi\u00f3n\u00a0 y en lo que a este tema se refiere,\u00a0 podemos felicitar a los dirigentes del \u00abAjuntament\u00bb,\u00a0 (cosa rara en estos tiempos),\u00a0 por haber conseguido un evento deportivo de esta magnitud\u00a0 para l&#8217;Olleria.\u00a0 Tambi\u00e9n es cierto que la respuesta de cientos de \u00abpeque\u00f1as promesas\u00bb que demuestran con compromiso a lo largo de todo el a\u00f1o\u00a0 presum\u00eda una participaci\u00f3n favorable para un Campus de este calibre.<\/p>\n<p>Menci\u00f3n aparte merece el portero del Valencia CF.\u00a0\u00a0 Vicente Guaita, que ha tenido la deferencia de acudir al acto, y con su presencia\u00a0 alentar a\u00fan m\u00e1s a todos los ni\u00f1os participantes en el Campus.\u00a0 La ilusi\u00f3n de muchos de ellos era palpable a la salida de pabell\u00f3n,\u00a0 pues tambi\u00e9n hay que tener en cuenta que ahora mismo\u00a0 Vicente Guaita, es una de las principales figuras de este Valencia CF. que ya est\u00e1 inmerso en los preparativos de la temporada 2012-13<\/p>\n<p>En un d\u00eda caluroso, m\u00e1s propio del Sahara que del verano,\u00a0 y futbolisticamente hablando, l&#8217;Olleria pone punto final a una temporada inolvidable, ya que a este acto se suman el ascenso del primer equipo y los\u00a0 \u00e9xitos y buen hacer de todas las categor\u00edas de futbol local.<\/p>\n<p>&nbsp;<\/p>\n<p>&nbsp;<\/p>\n<div id=\"attachment_926\" style=\"width: 608px\" class=\"wp-caption aligncenter\"><a href=\"http:\/\/www.portaldelolleria.es\/wp-content\/uploads\/2012\/07\/campus4-olleria.jpg\"><img aria-describedby=\"caption-attachment-926\" loading=\"lazy\" class=\"size-full wp-image-926 \" title=\"Entrenamientos Campus\" src=\"http:\/\/www.portaldelolleria.es\/wp-content\/uploads\/2012\/07\/campus4-olleria.jpg\" alt=\"\" width=\"598\" height=\"346\" srcset=\"http:\/\/www.portaldelolleria.es\/wp-content\/uploads\/2012\/07\/campus4-olleria.jpg 598w, http:\/\/www.portaldelolleria.es\/wp-content\/uploads\/2012\/07\/campus4-olleria-300x173.jpg 300w\" sizes=\"(max-width: 598px) 100vw, 598px\" \/><\/a><p id=\"caption-attachment-926\" class=\"wp-caption-text\">los &quot;mayores&quot;, entrenando en el campo de cesped artificial<\/p><\/div>\n<div id=\"attachment_927\" style=\"width: 608px\" class=\"wp-caption aligncenter\"><a href=\"http:\/\/www.portaldelolleria.es\/wp-content\/uploads\/2012\/07\/campus3-olleria.jpg\"><img aria-describedby=\"caption-attachment-927\" loading=\"lazy\" class=\"size-full wp-image-927\" title=\"Entrenamientos Campus\" src=\"http:\/\/www.portaldelolleria.es\/wp-content\/uploads\/2012\/07\/campus3-olleria.jpg\" alt=\"\" width=\"598\" height=\"380\" srcset=\"http:\/\/www.portaldelolleria.es\/wp-content\/uploads\/2012\/07\/campus3-olleria.jpg 598w, http:\/\/www.portaldelolleria.es\/wp-content\/uploads\/2012\/07\/campus3-olleria-300x190.jpg 300w\" sizes=\"(max-width: 598px) 100vw, 598px\" \/><\/a><p id=\"caption-attachment-927\" class=\"wp-caption-text\">los mas peque\u00f1os en el campo de hierba<\/p><\/div>\n<div id=\"attachment_928\" style=\"width: 599px\" class=\"wp-caption aligncenter\"><a href=\"http:\/\/www.portaldelolleria.es\/wp-content\/uploads\/2012\/07\/campus2-olleria.jpg\"><img aria-describedby=\"caption-attachment-928\" loading=\"lazy\" class=\"size-full wp-image-928\" title=\"Clausura Campus\" src=\"http:\/\/www.portaldelolleria.es\/wp-content\/uploads\/2012\/07\/campus2-olleria.jpg\" alt=\"\" width=\"589\" height=\"327\" srcset=\"http:\/\/www.portaldelolleria.es\/wp-content\/uploads\/2012\/07\/campus2-olleria.jpg 589w, http:\/\/www.portaldelolleria.es\/wp-content\/uploads\/2012\/07\/campus2-olleria-300x166.jpg 300w\" sizes=\"(max-width: 589px) 100vw, 589px\" \/><\/a><p id=\"caption-attachment-928\" class=\"wp-caption-text\">entrega de equipaciones y trofeos<\/p><\/div>\n<p style=\"text-align: center;\">\n","protected":false},"excerpt":{"rendered":"<p>Desarrollado desde el d\u00eda 9 de Julio,\u00a0 este primer Campus Fundaci\u00f3n VCF,\u00a0\u00a0 ha permitido a muchos ni\u00f1os, no solo de l&#8217;Olleria, sino de toda la comarca,\u00a0 disfrutar\u00a0 y aprender de t\u00e9cnicas y charlas a cargo de instructores especializados.\u00a0 A juzgar por la opini\u00f3n de ni\u00f1os y padres a la salida del\u00a0 acto de clausura, ha [&hellip;]<\/p>\n","protected":false},"author":2,"featured_media":0,"comment_status":"closed","ping_status":"open","sticky":false,"template":"","format":"standard","meta":{"_monsterinsights_skip_tracking":false,"_monsterinsights_sitenote_active":false,"_monsterinsights_sitenote_note":"","_monsterinsights_sitenote_category":0},"categories":[9,12],"tags":[32,237,29,235,236],"_links":{"self":[{"href":"http:\/\/www.portaldelolleria.es\/index.php?rest_route=\/wp\/v2\/posts\/925"}],"collection":[{"href":"http:\/\/www.portaldelolleria.es\/index.php?rest_route=\/wp\/v2\/posts"}],"about":[{"href":"http:\/\/www.portaldelolleria.es\/index.php?rest_route=\/wp\/v2\/types\/post"}],"author":[{"embeddable":true,"href":"http:\/\/www.portaldelolleria.es\/index.php?rest_route=\/wp\/v2\/users\/2"}],"replies":[{"embeddable":true,"href":"http:\/\/www.portaldelolleria.es\/index.php?rest_route=%2Fwp%2Fv2%2Fcomments&post=925"}],"version-history":[{"count":4,"href":"http:\/\/www.portaldelolleria.es\/index.php?rest_route=\/wp\/v2\/posts\/925\/revisions"}],"predecessor-version":[{"id":958,"href":"http:\/\/www.portaldelolleria.es\/index.php?rest_route=\/wp\/v2\/posts\/925\/revisions\/958"}],"wp:attachment":[{"href":"http:\/\/www.portaldelolleria.es\/index.php?rest_route=%2Fwp%2Fv2%2Fmedia&parent=925"}],"wp:term":[{"taxonomy":"category","embeddable":true,"href":"http:\/\/www.portaldelolleria.es\/index.php?rest_route=%2Fwp%2Fv2%2Fcategories&post=925"},{"taxonomy":"post_tag","embeddable":true,"href":"http:\/\/www.portaldelolleria.es\/index.php?rest_route=%2Fwp%2Fv2%2Ftags&post=925"}],"curies":[{"name":"wp","href":"https:\/\/api.w.org\/{rel}","templated":true}]}}