{"id":9289,"date":"2015-05-05T10:15:08","date_gmt":"2015-05-05T08:15:08","guid":{"rendered":"http:\/\/www.portaldelolleria.es\/?p=9289"},"modified":"2015-05-05T10:25:04","modified_gmt":"2015-05-05T08:25:04","slug":"espai-ideo-curso-emprende-la-vall","status":"publish","type":"post","link":"http:\/\/www.portaldelolleria.es\/?p=9289","title":{"rendered":"Espai Ideo:   Curso emprende la Vall"},"content":{"rendered":"<p><a href=\"http:\/\/www.portaldelolleria.es\/wp-content\/uploads\/2015\/05\/ideo-la-vall1.jpg\"><img loading=\"lazy\" class=\"aligncenter size-full wp-image-9293\" title=\"ideo la vall\" src=\"http:\/\/www.portaldelolleria.es\/wp-content\/uploads\/2015\/05\/ideo-la-vall1.jpg\" alt=\"\" width=\"598\" height=\"398\" srcset=\"http:\/\/www.portaldelolleria.es\/wp-content\/uploads\/2015\/05\/ideo-la-vall1.jpg 598w, http:\/\/www.portaldelolleria.es\/wp-content\/uploads\/2015\/05\/ideo-la-vall1-300x199.jpg 300w\" sizes=\"(max-width: 598px) 100vw, 598px\" \/><\/a><\/p>\n<p>&nbsp;<\/p>\n<table border=\"0\" cellspacing=\"0\" cellpadding=\"0\" align=\"center\">\n<tbody>\n<tr>\n<td width=\"540\">\n<table border=\"0\" cellspacing=\"0\" cellpadding=\"0\">\n<tbody>\n<tr>\n<td width=\"540\">\n<h3>CURSO: Programa Emprende La Vall.<\/h3>\n<p>Se trata de un curso dirigido a emprendedores con idea de negocio o a empresas de reciente creaci\u00f3n.<\/p>\n<p>El curso estar\u00e1 dividido en 3 partes:<br \/>\n1- Estudio de la idea de negocio.<br \/>\n2- 10 horas de Formaci\u00f3n Conjunta.<br \/>\n3- 10 horas en Consultor\u00edas Individuales.<\/p>\n<p>El coste del Programa ser\u00e1 de 150\u20ac que incluye:<br \/>\n&#8211; Alta en Hacienda.<br \/>\n&#8211; Alta en S.Social.<br \/>\n&#8211; Presentaci\u00f3n ayudas y subvenciones.<\/p>\n<p>En la formaci\u00f3n conjunta, los temas a tratar ser\u00e1n:<br \/>\n1- Modelo de Negocio (d\u00eda 18 de Mayo).<br \/>\n2- Fiscalidad y Finanzas. (25 de Mayo).<br \/>\n3- Plan de Comunicaci\u00f3n y Marketing (1 de Junio).<br \/>\n4- Plan de Operaciones \/ Ventas (8 de Junio).<br \/>\n5- Objetivos y estrategias (15 de Junio).<\/p>\n<p><a href=\"http:\/\/espaideo.mailrelay-iii.com\/newslink\/455\/14.html\">Seguir leyendo&#8230; \u00bb<\/a><\/td>\n<\/tr>\n<\/tbody>\n<\/table>\n<\/td>\n<\/tr>\n<\/tbody>\n<\/table>\n<table border=\"0\" cellspacing=\"0\" cellpadding=\"0\" align=\"center\">\n<tbody>\n<tr>\n<td width=\"540\">\n<table border=\"0\" cellspacing=\"0\" cellpadding=\"0\" align=\"left\">\n<tbody>\n<tr>\n<td align=\"center\" width=\"158\">\n<table border=\"0\" cellspacing=\"0\" cellpadding=\"0\" align=\"left\">\n<tbody>\n<tr>\n<td valign=\"bottom\"><a href=\"http:\/\/espaideo.mailrelay-iii.com\/mailing\/455\/5.html?t=515b474c5d0b0f5355155653500f04630a000550060a5351085d05510400545c07124f500502#\" target=\"_blank\"><img loading=\"lazy\" title=\"\" src=\"http:\/\/espaideo.ip-zone.com\/mailing-manager\/domains\/espaideo_ip-zone_com\/files\/img\/\/images\/puripilar1-opt.jpg\" alt=\"\" width=\"158\" height=\"124\" \/><\/a><\/td>\n<\/tr>\n<\/tbody>\n<\/table>\n<\/td>\n<\/tr>\n<\/tbody>\n<\/table>\n<table border=\"0\" cellspacing=\"0\" cellpadding=\"0\">\n<tbody>\n<tr>\n<td width=\"540\">\n<h3>Presencial<\/h3>\n<p><strong>Fechas del curso:<\/strong>\u00a018 y 25 de Mayo y 1, 8 y 15 de \u00a0Junio, 2015<\/p>\n<p><strong>Inscripci\u00f3n:<\/strong>\u00a0Del 29 de Abril al 17 de Mayo.<\/p>\n<p><strong>Qui\u00e9n puede inscribirse:<\/strong>\u00a0Cualquiera, especialmente emprendedores con idea de negocio o empresas de reciente creaci\u00f3n.<\/p>\n<p><strong>Instructoras:<\/strong>\u00a0Puri Momp\u00f3 Conesa y Pilar Garc\u00eda Morell<\/p>\n<p><a href=\"http:\/\/espaideo.mailrelay-iii.com\/newslink\/455\/15.html\">Inscribirme<\/a>. Una vez rellenada la inscripci\u00f3n se deber\u00e1 enviar a\u00a0info@pgmorell.com<\/td>\n<\/tr>\n<\/tbody>\n<\/table>\n<\/td>\n<\/tr>\n<\/tbody>\n<\/table>\n","protected":false},"excerpt":{"rendered":"<p>&nbsp; CURSO: Programa Emprende La Vall. Se trata de un curso dirigido a emprendedores con idea de negocio o a empresas de reciente creaci\u00f3n. El curso estar\u00e1 dividido en 3 partes: 1- Estudio de la idea de negocio. 2- 10 horas de Formaci\u00f3n Conjunta. 3- 10 horas en Consultor\u00edas Individuales. El coste del Programa ser\u00e1 [&hellip;]<\/p>\n","protected":false},"author":1,"featured_media":0,"comment_status":"closed","ping_status":"open","sticky":false,"template":"","format":"standard","meta":{"_monsterinsights_skip_tracking":false,"_monsterinsights_sitenote_active":false,"_monsterinsights_sitenote_note":"","_monsterinsights_sitenote_category":0},"categories":[11,12],"tags":[1205,1204,20,1346,1059],"_links":{"self":[{"href":"http:\/\/www.portaldelolleria.es\/index.php?rest_route=\/wp\/v2\/posts\/9289"}],"collection":[{"href":"http:\/\/www.portaldelolleria.es\/index.php?rest_route=\/wp\/v2\/posts"}],"about":[{"href":"http:\/\/www.portaldelolleria.es\/index.php?rest_route=\/wp\/v2\/types\/post"}],"author":[{"embeddable":true,"href":"http:\/\/www.portaldelolleria.es\/index.php?rest_route=\/wp\/v2\/users\/1"}],"replies":[{"embeddable":true,"href":"http:\/\/www.portaldelolleria.es\/index.php?rest_route=%2Fwp%2Fv2%2Fcomments&post=9289"}],"version-history":[{"count":5,"href":"http:\/\/www.portaldelolleria.es\/index.php?rest_route=\/wp\/v2\/posts\/9289\/revisions"}],"predecessor-version":[{"id":9295,"href":"http:\/\/www.portaldelolleria.es\/index.php?rest_route=\/wp\/v2\/posts\/9289\/revisions\/9295"}],"wp:attachment":[{"href":"http:\/\/www.portaldelolleria.es\/index.php?rest_route=%2Fwp%2Fv2%2Fmedia&parent=9289"}],"wp:term":[{"taxonomy":"category","embeddable":true,"href":"http:\/\/www.portaldelolleria.es\/index.php?rest_route=%2Fwp%2Fv2%2Fcategories&post=9289"},{"taxonomy":"post_tag","embeddable":true,"href":"http:\/\/www.portaldelolleria.es\/index.php?rest_route=%2Fwp%2Fv2%2Ftags&post=9289"}],"curies":[{"name":"wp","href":"https:\/\/api.w.org\/{rel}","templated":true}]}}