{"id":9442,"date":"2015-05-27T12:50:35","date_gmt":"2015-05-27T10:50:35","guid":{"rendered":"http:\/\/www.portaldelolleria.es\/?p=9442"},"modified":"2015-05-27T12:50:35","modified_gmt":"2015-05-27T10:50:35","slug":"jornada-emprender-innovando-en-turismo","status":"publish","type":"post","link":"http:\/\/www.portaldelolleria.es\/?p=9442","title":{"rendered":"Jornada \u00abEmprender innovando en turismo\u00bb"},"content":{"rendered":"<p><a href=\"http:\/\/www.portaldelolleria.es\/wp-content\/uploads\/2015\/05\/mancomunitat4.jpg\"><img loading=\"lazy\" class=\"aligncenter size-full wp-image-9443\" title=\"mancomunitat4\" src=\"http:\/\/www.portaldelolleria.es\/wp-content\/uploads\/2015\/05\/mancomunitat4.jpg\" alt=\"\" width=\"598\" height=\"398\" srcset=\"http:\/\/www.portaldelolleria.es\/wp-content\/uploads\/2015\/05\/mancomunitat4.jpg 598w, http:\/\/www.portaldelolleria.es\/wp-content\/uploads\/2015\/05\/mancomunitat4-300x199.jpg 300w\" sizes=\"(max-width: 598px) 100vw, 598px\" \/><\/a><\/p>\n<p>&nbsp;<\/p>\n<p>JORNADA EMPRENDER INNOVANDO EN TURISMO<br \/>\nD\u00edA: 03\/06\/2015<br \/>\nLUGAR: Mancomunidad Municipios de la Vall d&#8217;Albaida, Ontinyent, Avda S. Francesc, 8<\/p>\n<p>10:00-10:10h: Presentaci\u00f3n de la jornada: Sr. D. Juan A. Puchades Arce, presidente en funciones de la Mancomunidad de la Vall d\u2019Albaida y representante de Invat.tur.<br \/>\n10:15-10:45h: \u201cProyecto Invat.tur Emprende\u201d, representante de Invat.tur.<br \/>\n10:45-11:00h: Coffee-break.<br \/>\n11:00-12:00h: \u201cTaller: Aprende a innovar en turismo a trav\u00e9s del Marketing Lateral\u201d, Jonathan Delgado, emprendedor en serie y catalizador creativo.<br \/>\n12:00-13:00h: \u201cTaller: Creatividad den turismo con Glooglestorming \u201c, Miguel \u00c1ngel Catal\u00e1n, asesor en tecnolog\u00eda y habilidades directivas.<\/p>\n<div>\n<p>ORGANIZA: INVATTUR Y MANCOMUNIDAD DE MUNICIPIOS DE LA VALL D&#8217;ALBAIDA<br \/>\nPara m\u00e1s informaci\u00f3n 962389091<br \/>\n<a href=\"https:\/\/docs.google.com\/forms\/d\/1a8_L58g7dlyQ9sSl_5YynWIzjLzgQbANoRcMZcdiI4A\/viewform\" rel=\"nofollow\" target=\"_blank\">https:\/\/docs.google.com\/\u2026\/1a8_L58g7dlyQ9sSl_5YynWI\u2026\/viewform<\/a><\/p>\n<\/div>\n","protected":false},"excerpt":{"rendered":"<p>&nbsp; JORNADA EMPRENDER INNOVANDO EN TURISMO D\u00edA: 03\/06\/2015 LUGAR: Mancomunidad Municipios de la Vall d&#8217;Albaida, Ontinyent, Avda S. Francesc, 8 10:00-10:10h: Presentaci\u00f3n de la jornada: Sr. D. Juan A. Puchades Arce, presidente en funciones de la Mancomunidad de la Vall d\u2019Albaida y representante de Invat.tur. 10:15-10:45h: \u201cProyecto Invat.tur Emprende\u201d, representante de Invat.tur. 10:45-11:00h: Coffee-break. 11:00-12:00h: [&hellip;]<\/p>\n","protected":false},"author":1,"featured_media":0,"comment_status":"closed","ping_status":"open","sticky":false,"template":"","format":"standard","meta":{"_monsterinsights_skip_tracking":false,"_monsterinsights_sitenote_active":false,"_monsterinsights_sitenote_note":"","_monsterinsights_sitenote_category":0},"categories":[11,12],"tags":[80,246,113,51],"_links":{"self":[{"href":"http:\/\/www.portaldelolleria.es\/index.php?rest_route=\/wp\/v2\/posts\/9442"}],"collection":[{"href":"http:\/\/www.portaldelolleria.es\/index.php?rest_route=\/wp\/v2\/posts"}],"about":[{"href":"http:\/\/www.portaldelolleria.es\/index.php?rest_route=\/wp\/v2\/types\/post"}],"author":[{"embeddable":true,"href":"http:\/\/www.portaldelolleria.es\/index.php?rest_route=\/wp\/v2\/users\/1"}],"replies":[{"embeddable":true,"href":"http:\/\/www.portaldelolleria.es\/index.php?rest_route=%2Fwp%2Fv2%2Fcomments&post=9442"}],"version-history":[{"count":2,"href":"http:\/\/www.portaldelolleria.es\/index.php?rest_route=\/wp\/v2\/posts\/9442\/revisions"}],"predecessor-version":[{"id":9445,"href":"http:\/\/www.portaldelolleria.es\/index.php?rest_route=\/wp\/v2\/posts\/9442\/revisions\/9445"}],"wp:attachment":[{"href":"http:\/\/www.portaldelolleria.es\/index.php?rest_route=%2Fwp%2Fv2%2Fmedia&parent=9442"}],"wp:term":[{"taxonomy":"category","embeddable":true,"href":"http:\/\/www.portaldelolleria.es\/index.php?rest_route=%2Fwp%2Fv2%2Fcategories&post=9442"},{"taxonomy":"post_tag","embeddable":true,"href":"http:\/\/www.portaldelolleria.es\/index.php?rest_route=%2Fwp%2Fv2%2Ftags&post=9442"}],"curies":[{"name":"wp","href":"https:\/\/api.w.org\/{rel}","templated":true}]}}