{"id":950,"date":"2012-07-17T18:47:16","date_gmt":"2012-07-17T17:47:16","guid":{"rendered":"http:\/\/www.portaldelolleria.es\/?p=950"},"modified":"2012-07-18T20:44:37","modified_gmt":"2012-07-18T19:44:37","slug":"nits-destiu-musicos-de-guardia-gestos-de-rock","status":"publish","type":"post","link":"http:\/\/www.portaldelolleria.es\/?p=950","title":{"rendered":"Nits d&#8217;Estiu | M\u00fasicos de Guardia  &#8211;  Gestos de Rock"},"content":{"rendered":"<p><a href=\"http:\/\/www.portaldelolleria.es\/wp-content\/uploads\/2012\/07\/mdg-olleria.jpg\"><img loading=\"lazy\" class=\"aligncenter size-full wp-image-952\" title=\"mdg-olleria\" src=\"http:\/\/www.portaldelolleria.es\/wp-content\/uploads\/2012\/07\/mdg-olleria.jpg\" alt=\"\" width=\"598\" height=\"398\" srcset=\"http:\/\/www.portaldelolleria.es\/wp-content\/uploads\/2012\/07\/mdg-olleria.jpg 598w, http:\/\/www.portaldelolleria.es\/wp-content\/uploads\/2012\/07\/mdg-olleria-300x199.jpg 300w\" sizes=\"(max-width: 598px) 100vw, 598px\" \/><\/a><\/p>\n<p>&nbsp;<\/p>\n<p>Nits d&#8217;Estiu\u00a0 Casa Santonja\u00a0 Jueves 19\u00a0 23.00 h.\u00a0\u00a0 entrada por la ermita del Cristo.<\/p>\n<p>Dicen que la m\u00fasica es el puente que une todos los rincones de la Tierra, pero \u00bfune a todas las personas que en ella habitan? Probablemente, en esto pensaban M\u00fasicos de Guardia cuando decidieron que Gestos de Rock deb\u00eda ver la luz con su nombre impreso en braille en la portada. Pero, para llegar a este punto de la historia, antes hay que remontarse al a\u00f1o 2004, y, al llegar a ese momento, retroceder a\u00fan m\u00e1s en el tiempo para hallar el principio de todo y entender este proyecto. Pablo ten\u00eda unos diecisiete a\u00f1os cuando hizo del mundo de la m\u00fasica su mundo y, desde entonces, podemos decir que ha vivido con una guitarra en las manos. El curr\u00edculum de este m\u00fasico es tan amplio, que quiz\u00e1 no acabar\u00edamos nunca de enumerar los trabajos que ha llevado a cabo desde que empez\u00f3 hasta hoy; as\u00ed que no voy a centrarme en su paso por el grupo de Graham Foster, su colaboraci\u00f3n con Patricia Kraus o su aportaci\u00f3n como docente en seminarios de blues, jazz y diferentes escuelas de m\u00fasica, porque ahora mismo es mucho m\u00e1s importante su papel como compositor y arreglista en M\u00fasicos de Guardia, al que aporta, no s\u00f3lo calidad musical, sino experiencia, rodaje y generosa visi\u00f3n profesional a lo que \u00e9l y Robe pretenden hacer con su trabajo. De forma paralela, Roberto tradujo sus inquietudes musicales en forma de composiciones tras descubrir que una guitarra pod\u00eda aportarle mucho m\u00e1s que excelentes veladas en buena compa\u00f1\u00eda; as\u00ed que, tras dedicar varios a\u00f1os a tocar en un par de grupos, en los que combinaba versiones de otros autores con canciones propias, decidi\u00f3 embarcarse en algo m\u00e1s serio. El verano de 2004 es el punto de encuentro en el que los caminos art\u00edsticos de ambos m\u00fasicos empiezan a perfilarse como uno solo, el momento en el que Robe y Pablo se convierten en M\u00fasicos de Guardia y dan el pistoletazo de salida a su andadura, lenta pero segura, en el vertiginoso mundo de la m\u00fasica, su m\u00fasica. A priori, puede parecer que estos chicos nada tienen que ver el uno con el otro, pero basta con escucharlos y verlos subidos a un escenario para darse cuenta de que creen en lo que hacen y hacen lo que creen, y eso es mucho m\u00e1s de lo que pueden decir la mayor\u00eda. He o\u00eddo comentar alguna vez que Pablo y Robe crean \u201cuna mezcla explosiva\u201d, y creo que Gestos de Rock es una m\u00e1s que buena raz\u00f3n para pensar que es cierto. Ysi Gonzalez.<\/p>\n<p>&nbsp;<\/p>\n<p>\u201cGestos de Rock\u201d es el primer trabajo discogr\u00e1fico de M\u00fasicos de Guardia. Despu\u00e9s de m\u00e1s de cinco a\u00f1os de carretera, rodando por diferentes escenarios del pa\u00eds, sale a la luz este disco. Nos sentiremos identificados con las letras de Robe y su hipn\u00f3tica voz que, junto a unas sencillas y agradables melod\u00edas, nos har\u00e1n reconocer influencias tan variopintas como imprescindibles, Bob Dylan, Quique Gonzalez\u2026 Las pinceladas de calidad que aporta Pablo Gisbert (Graham Foster, Patricia Krauss\u2026) con su guitarra el\u00e9ctrica, Pedal Steel, Dobro y Mandolina, nos acercan tanto al Folk mas americano como al Rock&amp;Roll mas actual. INFORMACION ADICIONAL &#8211; El disco est\u00e1 grabado y producido por M\u00fasicos de Guardia y Rafa Sanchez en Rockflow estudios (Alcudia, Valencia) durante los meses de Junio, Julio y Septiembre de 2010. &#8211; Masterizado en The Vault Mastering Studios, Brooklyn (New York), por el maestro Nathan James. &#8211; Adem\u00e1s de la voz de Robe, Pablo Gisbert ha grabado todas las guitarras (ac\u00fasticas y el\u00e9ctricas), Pedal steel, Mandolina y Dobro; Tonete Puerto el Bajo y el Contrabajo; Josep Bas la Bater\u00eda y las Percusiones; Gerard Vercher el Hammond y el Piano; Susana el Violoncelo y Gustavo Orihuela el Viol\u00edn.<\/p>\n<p style=\"text-align: center;\"><a href=\"http:\/\/www.portaldelolleria.es\/wp-content\/uploads\/2012\/07\/mdg2-olleria.jpg\"><img loading=\"lazy\" class=\"aligncenter size-full wp-image-951\" title=\"mdg2-olleria\" src=\"http:\/\/www.portaldelolleria.es\/wp-content\/uploads\/2012\/07\/mdg2-olleria.jpg\" alt=\"\" width=\"598\" height=\"398\" srcset=\"http:\/\/www.portaldelolleria.es\/wp-content\/uploads\/2012\/07\/mdg2-olleria.jpg 598w, http:\/\/www.portaldelolleria.es\/wp-content\/uploads\/2012\/07\/mdg2-olleria-300x199.jpg 300w\" sizes=\"(max-width: 598px) 100vw, 598px\" \/><\/a><a href=\"http:\/\/www.portaldelolleria.es\/wp-content\/uploads\/2012\/07\/mdg4-olleria1.jpg\"><img loading=\"lazy\" class=\"aligncenter size-full wp-image-977\" title=\"mdg4-olleria\" src=\"http:\/\/www.portaldelolleria.es\/wp-content\/uploads\/2012\/07\/mdg4-olleria1.jpg\" alt=\"\" width=\"598\" height=\"398\" srcset=\"http:\/\/www.portaldelolleria.es\/wp-content\/uploads\/2012\/07\/mdg4-olleria1.jpg 598w, http:\/\/www.portaldelolleria.es\/wp-content\/uploads\/2012\/07\/mdg4-olleria1-300x199.jpg 300w\" sizes=\"(max-width: 598px) 100vw, 598px\" \/><\/a><\/p>\n","protected":false},"excerpt":{"rendered":"<p>&nbsp; Nits d&#8217;Estiu\u00a0 Casa Santonja\u00a0 Jueves 19\u00a0 23.00 h.\u00a0\u00a0 entrada por la ermita del Cristo. Dicen que la m\u00fasica es el puente que une todos los rincones de la Tierra, pero \u00bfune a todas las personas que en ella habitan? Probablemente, en esto pensaban M\u00fasicos de Guardia cuando decidieron que Gestos de Rock deb\u00eda ver [&hellip;]<\/p>\n","protected":false},"author":2,"featured_media":0,"comment_status":"closed","ping_status":"open","sticky":false,"template":"","format":"standard","meta":{"_monsterinsights_skip_tracking":false,"_monsterinsights_sitenote_active":false,"_monsterinsights_sitenote_note":"","_monsterinsights_sitenote_category":0},"categories":[15,12],"tags":[243,20,242,33],"_links":{"self":[{"href":"http:\/\/www.portaldelolleria.es\/index.php?rest_route=\/wp\/v2\/posts\/950"}],"collection":[{"href":"http:\/\/www.portaldelolleria.es\/index.php?rest_route=\/wp\/v2\/posts"}],"about":[{"href":"http:\/\/www.portaldelolleria.es\/index.php?rest_route=\/wp\/v2\/types\/post"}],"author":[{"embeddable":true,"href":"http:\/\/www.portaldelolleria.es\/index.php?rest_route=\/wp\/v2\/users\/2"}],"replies":[{"embeddable":true,"href":"http:\/\/www.portaldelolleria.es\/index.php?rest_route=%2Fwp%2Fv2%2Fcomments&post=950"}],"version-history":[{"count":9,"href":"http:\/\/www.portaldelolleria.es\/index.php?rest_route=\/wp\/v2\/posts\/950\/revisions"}],"predecessor-version":[{"id":978,"href":"http:\/\/www.portaldelolleria.es\/index.php?rest_route=\/wp\/v2\/posts\/950\/revisions\/978"}],"wp:attachment":[{"href":"http:\/\/www.portaldelolleria.es\/index.php?rest_route=%2Fwp%2Fv2%2Fmedia&parent=950"}],"wp:term":[{"taxonomy":"category","embeddable":true,"href":"http:\/\/www.portaldelolleria.es\/index.php?rest_route=%2Fwp%2Fv2%2Fcategories&post=950"},{"taxonomy":"post_tag","embeddable":true,"href":"http:\/\/www.portaldelolleria.es\/index.php?rest_route=%2Fwp%2Fv2%2Ftags&post=950"}],"curies":[{"name":"wp","href":"https:\/\/api.w.org\/{rel}","templated":true}]}}