{"id":9538,"date":"2015-06-06T20:30:08","date_gmt":"2015-06-06T18:30:08","guid":{"rendered":"http:\/\/www.portaldelolleria.es\/?p=9538"},"modified":"2015-06-06T23:45:50","modified_gmt":"2015-06-06T21:45:50","slug":"25%c2%ba-aniversario-del-historico-ascenso-a-la-elite-de-vidrios-de-levante-fs","status":"publish","type":"post","link":"http:\/\/www.portaldelolleria.es\/?p=9538","title":{"rendered":"25\u00ba Aniversario del hist\u00f3rico ascenso a la \u00e9lite de Vidrios de Levante FS"},"content":{"rendered":"<p><a href=\"http:\/\/www.portaldelolleria.es\/wp-content\/uploads\/2015\/06\/vidrioslevante.jpg\"><img loading=\"lazy\" class=\"aligncenter size-full wp-image-9539\" title=\"vidrioslevante\" src=\"http:\/\/www.portaldelolleria.es\/wp-content\/uploads\/2015\/06\/vidrioslevante.jpg\" alt=\"\" width=\"598\" height=\"399\" srcset=\"http:\/\/www.portaldelolleria.es\/wp-content\/uploads\/2015\/06\/vidrioslevante.jpg 960w, http:\/\/www.portaldelolleria.es\/wp-content\/uploads\/2015\/06\/vidrioslevante-300x200.jpg 300w\" sizes=\"(max-width: 598px) 100vw, 598px\" \/><\/a><\/p>\n<p>Hoy es un dia muy importante&#8230;.hoy posiblemente es un dia emotivo para muchas personas del mundo del futbol sala.<\/p>\n<p>Se celebra el 25\u00ba aniversario en el que Vidrios de Levante F\u00fatbol Sala, ascendi\u00f3 a lo m\u00e1s alto de la \u00e9lite nacional del F\u00fatbol Sala,\u00a0\u00a0 los Penades, Salus, Jose Enrique, Pad\u00fa, Machi, Bleda, Naval\u00f3n, V. Carlos, Tito, Rula, Carlos Camarena, Vasconcellos, Cupin, Pepe Puig, Chovi, Victor, Luis&#8230;&#8230;.. y cuantos formaron parte de aquel equipo humano y deportivo, se han vuelto para rememorar aquella gesta.<\/p>\n<p>Emociones, lagrimas y sentimientos han florecido de nuevo, tipos rudos como Naval\u00f3, Tito e incluso el propio Toni Rodrigo, no han podido disimular sus bellisimas emociones. Una generaci\u00f3n de deportistas de \u00e9lite que disfrutaban jugando a lo que sab\u00edan con el \u00fanico aliciente de los aficionados y del pueblo de L&#8217;Olleria.\u00a0\u00a0 Enhorabuena por tan memorable fecha.<\/p>\n<p>&nbsp;<\/p>\n<pre><a href=\"https:\/\/www.facebook.com\/photo.php?fbid=923357301036183&amp;set=a.567555456616371.1073741825.100000857644376&amp;type=1&amp;theater\" target=\"_blank\">Victorio Cebri\u00e1n<\/a><\/pre>\n","protected":false},"excerpt":{"rendered":"<p>Hoy es un dia muy importante&#8230;.hoy posiblemente es un dia emotivo para muchas personas del mundo del futbol sala. Se celebra el 25\u00ba aniversario en el que Vidrios de Levante F\u00fatbol Sala, ascendi\u00f3 a lo m\u00e1s alto de la \u00e9lite nacional del F\u00fatbol Sala,\u00a0\u00a0 los Penades, Salus, Jose Enrique, Pad\u00fa, Machi, Bleda, Naval\u00f3n, V. Carlos, [&hellip;]<\/p>\n","protected":false},"author":1,"featured_media":0,"comment_status":"closed","ping_status":"open","sticky":false,"template":"","format":"standard","meta":{"_monsterinsights_skip_tracking":false,"_monsterinsights_sitenote_active":false,"_monsterinsights_sitenote_note":"","_monsterinsights_sitenote_category":0},"categories":[9,12],"tags":[258,84,20,1359],"_links":{"self":[{"href":"http:\/\/www.portaldelolleria.es\/index.php?rest_route=\/wp\/v2\/posts\/9538"}],"collection":[{"href":"http:\/\/www.portaldelolleria.es\/index.php?rest_route=\/wp\/v2\/posts"}],"about":[{"href":"http:\/\/www.portaldelolleria.es\/index.php?rest_route=\/wp\/v2\/types\/post"}],"author":[{"embeddable":true,"href":"http:\/\/www.portaldelolleria.es\/index.php?rest_route=\/wp\/v2\/users\/1"}],"replies":[{"embeddable":true,"href":"http:\/\/www.portaldelolleria.es\/index.php?rest_route=%2Fwp%2Fv2%2Fcomments&post=9538"}],"version-history":[{"count":2,"href":"http:\/\/www.portaldelolleria.es\/index.php?rest_route=\/wp\/v2\/posts\/9538\/revisions"}],"predecessor-version":[{"id":9541,"href":"http:\/\/www.portaldelolleria.es\/index.php?rest_route=\/wp\/v2\/posts\/9538\/revisions\/9541"}],"wp:attachment":[{"href":"http:\/\/www.portaldelolleria.es\/index.php?rest_route=%2Fwp%2Fv2%2Fmedia&parent=9538"}],"wp:term":[{"taxonomy":"category","embeddable":true,"href":"http:\/\/www.portaldelolleria.es\/index.php?rest_route=%2Fwp%2Fv2%2Fcategories&post=9538"},{"taxonomy":"post_tag","embeddable":true,"href":"http:\/\/www.portaldelolleria.es\/index.php?rest_route=%2Fwp%2Fv2%2Ftags&post=9538"}],"curies":[{"name":"wp","href":"https:\/\/api.w.org\/{rel}","templated":true}]}}