{"id":9543,"date":"2015-06-08T19:28:15","date_gmt":"2015-06-08T17:28:15","guid":{"rendered":"http:\/\/www.portaldelolleria.es\/?p=9543"},"modified":"2015-06-08T19:33:29","modified_gmt":"2015-06-08T17:33:29","slug":"fiesta-del-futbol-8-en-lolleria","status":"publish","type":"post","link":"http:\/\/www.portaldelolleria.es\/?p=9543","title":{"rendered":"Fiesta del \u00abFutbol 8\u00bb en l&#8217;Olleria"},"content":{"rendered":"<p>&nbsp;<\/p>\n<p><a href=\"http:\/\/www.portaldelolleria.es\/wp-content\/uploads\/2015\/06\/futbol-fiesta6.jpg\"><img loading=\"lazy\" class=\"aligncenter size-full wp-image-9544\" title=\"OLYMPUS DIGITAL CAMERA\" src=\"http:\/\/www.portaldelolleria.es\/wp-content\/uploads\/2015\/06\/futbol-fiesta6.jpg\" alt=\"\" width=\"598\" height=\"448\" srcset=\"http:\/\/www.portaldelolleria.es\/wp-content\/uploads\/2015\/06\/futbol-fiesta6.jpg 800w, http:\/\/www.portaldelolleria.es\/wp-content\/uploads\/2015\/06\/futbol-fiesta6-300x225.jpg 300w\" sizes=\"(max-width: 598px) 100vw, 598px\" \/><\/a><\/p>\n<p>&nbsp;<\/p>\n<p>Este fin de semana, el F\u00fatbol 8, ha sido el gran protagonista en el campo de c\u00e9sped artificial de l&#8217;Olleria, diferentes cuadrangulares en distintas categor\u00edas han llenado de ilusi\u00f3n y satisfacci\u00f3n el Polideportivo de nuestro pueblo. Con un gran ambiente festivo y emotivo, podemos catalogar la doble jornada, como un \u00e9xito de participaci\u00f3n y organizaci\u00f3n.<\/p>\n<p>As\u00ed, el viernes por la tarde, fu\u00e9 el turno de los Alevines. Equipos de la comarca como el Ontinyent, Montaverner, Benig\u00e0nim y de otros municipios, como el Genov\u00e9s, le dieron un colorido especial a una tarde-noche m\u00e1gica. Un total de ocho equipos participaron en esta jornada, donde cada partido ten\u00eda su especial emoci\u00f3n y motivaci\u00f3n.<\/p>\n<p>El s\u00e1bado por la ma\u00f1ana, los Benjamines fueron los grandes protagonistas, adem\u00e1s, de los equipos mencionados anteriormente, contamos con la presencia del Alcoaino y el Castell\u00f3n. El fuerte calor, no fue un obst\u00e1culo para volver a vivir con pasi\u00f3n, la lucha de ocho equipos m\u00e1s, para conseguir su merecido triunfo.<\/p>\n<p>Las caras de felicidad y alegr\u00eda de los integrantes del 16 equipos participantes y de sus familiares, nos reconfortan para seguir trabajando e ilusionante a nuestros ni\u00f1os que son los aut\u00e9nticos protagonistas de la Fiesta del \u00abF\u00fatbol 8\u00bb al Olleria.<\/p>\n<p><a href=\"http:\/\/www.portaldelolleria.es\/wp-content\/uploads\/2015\/06\/futbol-fiesta.jpg\"><img loading=\"lazy\" class=\"aligncenter size-full wp-image-9547\" title=\"OLYMPUS DIGITAL CAMERA\" src=\"http:\/\/www.portaldelolleria.es\/wp-content\/uploads\/2015\/06\/futbol-fiesta.jpg\" alt=\"\" width=\"598\" height=\"400\" srcset=\"http:\/\/www.portaldelolleria.es\/wp-content\/uploads\/2015\/06\/futbol-fiesta.jpg 598w, http:\/\/www.portaldelolleria.es\/wp-content\/uploads\/2015\/06\/futbol-fiesta-300x200.jpg 300w\" sizes=\"(max-width: 598px) 100vw, 598px\" \/><\/a><\/p>\n<p><a href=\"http:\/\/www.portaldelolleria.es\/wp-content\/uploads\/2015\/06\/futbol-fiesta2.jpg\"><img loading=\"lazy\" class=\"aligncenter size-full wp-image-9548\" title=\"OLYMPUS DIGITAL CAMERA\" src=\"http:\/\/www.portaldelolleria.es\/wp-content\/uploads\/2015\/06\/futbol-fiesta2.jpg\" alt=\"\" width=\"598\" height=\"390\" srcset=\"http:\/\/www.portaldelolleria.es\/wp-content\/uploads\/2015\/06\/futbol-fiesta2.jpg 598w, http:\/\/www.portaldelolleria.es\/wp-content\/uploads\/2015\/06\/futbol-fiesta2-300x195.jpg 300w\" sizes=\"(max-width: 598px) 100vw, 598px\" \/><\/a><\/p>\n<p>&nbsp;<\/p>\n<p><a href=\"http:\/\/www.portaldelolleria.es\/wp-content\/uploads\/2015\/06\/futbol-fiesta3.jpg\"><img loading=\"lazy\" class=\"aligncenter size-full wp-image-9549\" title=\"OLYMPUS DIGITAL CAMERA\" src=\"http:\/\/www.portaldelolleria.es\/wp-content\/uploads\/2015\/06\/futbol-fiesta3.jpg\" alt=\"\" width=\"598\" height=\"449\" srcset=\"http:\/\/www.portaldelolleria.es\/wp-content\/uploads\/2015\/06\/futbol-fiesta3.jpg 598w, http:\/\/www.portaldelolleria.es\/wp-content\/uploads\/2015\/06\/futbol-fiesta3-300x225.jpg 300w\" sizes=\"(max-width: 598px) 100vw, 598px\" \/><\/a><\/p>\n<p>&nbsp;<\/p>\n<p><a href=\"http:\/\/www.portaldelolleria.es\/wp-content\/uploads\/2015\/06\/futbol-fiesta4.jpg\"><img loading=\"lazy\" class=\"aligncenter size-full wp-image-9550\" title=\"OLYMPUS DIGITAL CAMERA\" src=\"http:\/\/www.portaldelolleria.es\/wp-content\/uploads\/2015\/06\/futbol-fiesta4.jpg\" alt=\"\" width=\"598\" height=\"410\" srcset=\"http:\/\/www.portaldelolleria.es\/wp-content\/uploads\/2015\/06\/futbol-fiesta4.jpg 598w, http:\/\/www.portaldelolleria.es\/wp-content\/uploads\/2015\/06\/futbol-fiesta4-300x205.jpg 300w\" sizes=\"(max-width: 598px) 100vw, 598px\" \/><\/a><\/p>\n","protected":false},"excerpt":{"rendered":"<p>&nbsp; &nbsp; Este fin de semana, el F\u00fatbol 8, ha sido el gran protagonista en el campo de c\u00e9sped artificial de l&#8217;Olleria, diferentes cuadrangulares en distintas categor\u00edas han llenado de ilusi\u00f3n y satisfacci\u00f3n el Polideportivo de nuestro pueblo. Con un gran ambiente festivo y emotivo, podemos catalogar la doble jornada, como un \u00e9xito de participaci\u00f3n [&hellip;]<\/p>\n","protected":false},"author":1,"featured_media":0,"comment_status":"closed","ping_status":"open","sticky":false,"template":"","format":"standard","meta":{"_monsterinsights_skip_tracking":false,"_monsterinsights_sitenote_active":false,"_monsterinsights_sitenote_note":"","_monsterinsights_sitenote_category":0},"categories":[9,12],"tags":[304,724,20],"_links":{"self":[{"href":"http:\/\/www.portaldelolleria.es\/index.php?rest_route=\/wp\/v2\/posts\/9543"}],"collection":[{"href":"http:\/\/www.portaldelolleria.es\/index.php?rest_route=\/wp\/v2\/posts"}],"about":[{"href":"http:\/\/www.portaldelolleria.es\/index.php?rest_route=\/wp\/v2\/types\/post"}],"author":[{"embeddable":true,"href":"http:\/\/www.portaldelolleria.es\/index.php?rest_route=\/wp\/v2\/users\/1"}],"replies":[{"embeddable":true,"href":"http:\/\/www.portaldelolleria.es\/index.php?rest_route=%2Fwp%2Fv2%2Fcomments&post=9543"}],"version-history":[{"count":4,"href":"http:\/\/www.portaldelolleria.es\/index.php?rest_route=\/wp\/v2\/posts\/9543\/revisions"}],"predecessor-version":[{"id":9546,"href":"http:\/\/www.portaldelolleria.es\/index.php?rest_route=\/wp\/v2\/posts\/9543\/revisions\/9546"}],"wp:attachment":[{"href":"http:\/\/www.portaldelolleria.es\/index.php?rest_route=%2Fwp%2Fv2%2Fmedia&parent=9543"}],"wp:term":[{"taxonomy":"category","embeddable":true,"href":"http:\/\/www.portaldelolleria.es\/index.php?rest_route=%2Fwp%2Fv2%2Fcategories&post=9543"},{"taxonomy":"post_tag","embeddable":true,"href":"http:\/\/www.portaldelolleria.es\/index.php?rest_route=%2Fwp%2Fv2%2Ftags&post=9543"}],"curies":[{"name":"wp","href":"https:\/\/api.w.org\/{rel}","templated":true}]}}