{"id":9557,"date":"2015-06-10T10:29:38","date_gmt":"2015-06-10T08:29:38","guid":{"rendered":"http:\/\/www.portaldelolleria.es\/?p=9557"},"modified":"2015-06-12T11:42:09","modified_gmt":"2015-06-12T09:42:09","slug":"a-punto-la-universidad-de-verano-2015","status":"publish","type":"post","link":"http:\/\/www.portaldelolleria.es\/?p=9557","title":{"rendered":"A punto la Universidad de Verano 2015"},"content":{"rendered":"<p>&nbsp;<\/p>\n<p><a href=\"http:\/\/www.portaldelolleria.es\/wp-content\/uploads\/2015\/06\/upv.jpg\"><img loading=\"lazy\" class=\"aligncenter size-full wp-image-9558\" title=\"upv\" src=\"http:\/\/www.portaldelolleria.es\/wp-content\/uploads\/2015\/06\/upv.jpg\" alt=\"\" width=\"598\" height=\"398\" srcset=\"http:\/\/www.portaldelolleria.es\/wp-content\/uploads\/2015\/06\/upv.jpg 598w, http:\/\/www.portaldelolleria.es\/wp-content\/uploads\/2015\/06\/upv-300x199.jpg 300w\" sizes=\"(max-width: 598px) 100vw, 598px\" \/><\/a><\/p>\n<p>&nbsp;<\/p>\n<p><strong>A punto la Universidad de Verano 2015<\/strong><\/p>\n<ul>\n<li><strong>Cuatro ser\u00e1n los foros programados para la edici\u00f3n de este a\u00f1o: Cosm\u00e9tica, Recursos Humanos, Dise\u00f1o Industrial y Creatividad e Innovaci\u00f3n.<\/strong><strong><\/strong><\/li>\n<li><strong>Se celebrar\u00e1 a partir del 29 de junio hasta el 3 de julio.<\/strong><strong><\/strong><\/li>\n<\/ul>\n<p>El Campus d\u2019Alcoi de la Universitat Polit\u00e8cnica de Val\u00e8ncia, presenta una nueva edici\u00f3n de la Universidad de Verano con cuatro foros, englobados en las siguientes \u00e1reas: <strong>Cosm\u00e9tica, Recursos Humanos, Dise\u00f1o Industrial<\/strong> y <strong>Creatividad e Innovaci\u00f3n<\/strong>. UPV Verano se dirige a todas aquellas personas con inquietudes intelectuales, con ganas de aprender e inter\u00e9s por conocer y mejorar aspectos de la vida cotidiana.<\/p>\n<p><strong>Foro 1 (Lunes 29 de junio 2015): EL MUNDO DE LA INDUSTRIA COSM\u00c9TICA<\/strong><\/p>\n<p>El objetivo de este foro es dar a conocer la realidad del mundo cosm\u00e9tico actual, desde el punto de vista de la ciencia, de la industria y de las obligaciones legales.<\/p>\n<p><strong>Foro 2 (Jueves 2 de julio 2015): IMAGINACI\u00d3N: DE CAPACIDAD A RECURSO ESTRAT\u00c9GICO. Taller para la innovaci\u00f3n, la creatividad y la toma de decisiones con la herramienta Lego Serious Play (LSP)<\/strong><\/p>\n<p>El LSP es una poderosa herramienta dise\u00f1ada para desarrollar competencias que permitan innovar y mejorar el desempe\u00f1o del personal de las organizaciones. Adem\u00e1s es un proceso de formaci\u00f3n y transformaci\u00f3n estrat\u00e9gica, innovador y profundamente vivencial.<\/p>\n<p><strong>Foro 3 (Mi\u00e9rcoles 1 de julio 2015): C\u00d3MO COMPROMETER EL TALENTO.<\/strong><\/p>\n<p>En el pasado, la ventaja competitiva de las empresas se basaba en la disponibilidad de capital, tecnolog\u00eda o inputs b\u00e1sicos. Ahora que casi todo se puede obtener en el mercado, las empresas se diferencian por los conocimientos, en su mayor\u00eda t\u00e1citos, reflejados en sus sistemas de informaci\u00f3n y de resoluci\u00f3n de problemas (rutinas organizativas); por los activos intangibles acumulados: marcas, reputaci\u00f3n, saber hacer, por las capacidades y habilidades de los empleados, de los hombres para crear y desarrollar conocimientos y activos intangibles.<\/p>\n<p><strong>Foro 4 (Del martes 30 de junio al viernes 3 de julio 2015): EDITORES, NUEVAS SALIDAS DEL DISE\u00d1O INDUSTRIA.<\/strong><\/p>\n<p>El objetivo es que los alumnos tengan una visi\u00f3n m\u00e1s global del dise\u00f1o cambiando la idea generalizada de dise\u00f1ar un producto y esperar a que una empresa lo produzca a dise\u00f1ar un producto y comercializarlo bajo una marca propia. De esta forma se tienen presentes conceptos como el coste, transporte o la viabilidad de producci\u00f3n en la fase conceptual del dise\u00f1o.<\/p>\n<p>Los foros est\u00e1n dirigidos a alumnos, profesores, profesionales y a toda aquella persona interesada en las tem\u00e1ticas planteadas.<\/p>\n<p>M\u00e1s informaci\u00f3n e inscripciones en <a href=\"http:\/\/www.epsa.upv.es\">www.epsa.upv.es<\/a><\/p>\n<p>&nbsp;<\/p>\n<p>&nbsp;<\/p>\n","protected":false},"excerpt":{"rendered":"<p>&nbsp; &nbsp; A punto la Universidad de Verano 2015 Cuatro ser\u00e1n los foros programados para la edici\u00f3n de este a\u00f1o: Cosm\u00e9tica, Recursos Humanos, Dise\u00f1o Industrial y Creatividad e Innovaci\u00f3n. Se celebrar\u00e1 a partir del 29 de junio hasta el 3 de julio. El Campus d\u2019Alcoi de la Universitat Polit\u00e8cnica de Val\u00e8ncia, presenta una nueva edici\u00f3n [&hellip;]<\/p>\n","protected":false},"author":1,"featured_media":0,"comment_status":"closed","ping_status":"open","sticky":false,"template":"","format":"standard","meta":{"_monsterinsights_skip_tracking":false,"_monsterinsights_sitenote_active":false,"_monsterinsights_sitenote_note":"","_monsterinsights_sitenote_category":0},"categories":[10,12,1058],"tags":[88,615,1059,127],"_links":{"self":[{"href":"http:\/\/www.portaldelolleria.es\/index.php?rest_route=\/wp\/v2\/posts\/9557"}],"collection":[{"href":"http:\/\/www.portaldelolleria.es\/index.php?rest_route=\/wp\/v2\/posts"}],"about":[{"href":"http:\/\/www.portaldelolleria.es\/index.php?rest_route=\/wp\/v2\/types\/post"}],"author":[{"embeddable":true,"href":"http:\/\/www.portaldelolleria.es\/index.php?rest_route=\/wp\/v2\/users\/1"}],"replies":[{"embeddable":true,"href":"http:\/\/www.portaldelolleria.es\/index.php?rest_route=%2Fwp%2Fv2%2Fcomments&post=9557"}],"version-history":[{"count":3,"href":"http:\/\/www.portaldelolleria.es\/index.php?rest_route=\/wp\/v2\/posts\/9557\/revisions"}],"predecessor-version":[{"id":9601,"href":"http:\/\/www.portaldelolleria.es\/index.php?rest_route=\/wp\/v2\/posts\/9557\/revisions\/9601"}],"wp:attachment":[{"href":"http:\/\/www.portaldelolleria.es\/index.php?rest_route=%2Fwp%2Fv2%2Fmedia&parent=9557"}],"wp:term":[{"taxonomy":"category","embeddable":true,"href":"http:\/\/www.portaldelolleria.es\/index.php?rest_route=%2Fwp%2Fv2%2Fcategories&post=9557"},{"taxonomy":"post_tag","embeddable":true,"href":"http:\/\/www.portaldelolleria.es\/index.php?rest_route=%2Fwp%2Fv2%2Ftags&post=9557"}],"curies":[{"name":"wp","href":"https:\/\/api.w.org\/{rel}","templated":true}]}}