{"id":9560,"date":"2015-06-10T17:50:00","date_gmt":"2015-06-10T15:50:00","guid":{"rendered":"http:\/\/www.portaldelolleria.es\/?p=9560"},"modified":"2015-06-10T17:51:58","modified_gmt":"2015-06-10T15:51:58","slug":"i-campeonato-de-dardos-electronicos","status":"publish","type":"post","link":"http:\/\/www.portaldelolleria.es\/?p=9560","title":{"rendered":"I Campeonato de Dardos Electr\u00f3nicos"},"content":{"rendered":"<p><a href=\"http:\/\/www.portaldelolleria.es\/wp-content\/uploads\/2015\/06\/dardos1.jpg\"><img loading=\"lazy\" class=\"aligncenter size-full wp-image-9564\" title=\"dardos\" src=\"http:\/\/www.portaldelolleria.es\/wp-content\/uploads\/2015\/06\/dardos1.jpg\" alt=\"\" width=\"598\" height=\"398\" srcset=\"http:\/\/www.portaldelolleria.es\/wp-content\/uploads\/2015\/06\/dardos1.jpg 598w, http:\/\/www.portaldelolleria.es\/wp-content\/uploads\/2015\/06\/dardos1-300x199.jpg 300w\" sizes=\"(max-width: 598px) 100vw, 598px\" \/><\/a><\/p>\n<p>&nbsp;<\/p>\n<p style=\"text-align: justify;\" align=\"center\"><strong><span style=\"text-decoration: underline;\">ASOCIACI\u00d3N DE DARDOS TABERNA BUDA. L\u2019OLLERIA (VALENCIA)<\/span><\/strong><\/p>\n<p style=\"text-align: justify;\">\u00a0\u00a0\u00a0\u00a0\u00a0\u00a0\u00a0\u00a0\u00a0\u00a0\u00a0\u00a0\u00a0\u00a0\u00a0 El pr\u00f3ximo <strong>s\u00e1bado d\u00eda 20 de Junio<\/strong> se celebra en L\u2019Olleria, en los bajos del mercado municipal el primer campeonato de dardos electr\u00f3nicos, dicho campeonato se celebra a nivel comarcal y se espera la participaci\u00f3n de gente de las poblaciones de: L\u2019Olleria, Montaverner, Alfarrasi, Onteniente, Albaida, Aielo de Malferit, Canals, Agullente, Xativa, Castell\u00f3n de Rugat, etc\u2026.<\/p>\n<p style=\"text-align: justify;\">\u00a0\u00a0\u00a0\u00a0\u00a0\u00a0\u00a0\u00a0\u00a0\u00a0\u00a0\u00a0\u00a0\u00a0\u00a0 A las 16:30 h. se abrir\u00e1 el plazo de inscripci\u00f3n en el mismo lugar donde se celebra el campeonato, tambi\u00e9n puedes inscribirte llamando a los siguientes n\u00fameros de tel\u00e9fono 608663806 (Juanvi) o al 605544986 (Va\u00f1\u00f3), se jugar\u00e1n tres categor\u00edas: <strong>CATEGORIA A, CATEGORIA B y CATEGORIA FEMENINA<\/strong>. El campeonato empezar\u00e1 a las 17:00 h., la inscripci\u00f3n es gratuita y los premios para los tres primeros clasificados de cada categor\u00eda ser\u00e1n los siguientes:<\/p>\n<p style=\"text-align: justify;\" align=\"center\"><strong>PRIMER CLASIFICADO:<\/strong> Jam\u00f3n, botella de vino y trofeo.<\/p>\n<p style=\"text-align: justify;\" align=\"center\"><strong>SEGUNDO CLASIFICADO:<\/strong> Queso, botella de vino y trofeo.<\/p>\n<p style=\"text-align: justify;\" align=\"center\"><strong>TERCER CLASIFICADO:<\/strong> Chorizo, botella de vino y trofeo.<\/p>\n<p style=\"text-align: justify;\">\u00a0\u00a0\u00a0\u00a0\u00a0\u00a0\u00a0\u00a0\u00a0\u00a0\u00a0\u00a0\u00a0\u00a0\u00a0 El campeonato se celebra con la intenci\u00f3n de recaudar fondos para la asociaci\u00f3n que solo lleva dos meses desde su fundaci\u00f3n y necesitan dinero para poder insonorizar, arreglar y acondicionar el local.<\/p>\n<p style=\"text-align: justify;\">\u00a0\u00a0\u00a0\u00a0\u00a0\u00a0\u00a0\u00a0\u00a0\u00a0\u00a0\u00a0\u00a0\u00a0\u00a0 La asociaci\u00f3n de dardos Taberna Buda, ha sido fundada por un grupo de amigos que un d\u00eda estando de comida y haciendo sus partidas les surgi\u00f3 la idea de montar un club de dardos dada la afici\u00f3n a los dardos electr\u00f3nicos de la gente de esta poblaci\u00f3n y alrededores, la asociaci\u00f3n ha sido montada con la intenci\u00f3n de tener un local donde poder reunirse y poder disfrutar en buena compa\u00f1\u00eda de los dardos.<\/p>\n<p style=\"text-align: justify;\" align=\"center\"><strong>JUNTA DIRECTIVA<\/strong><\/p>\n<p style=\"text-align: justify;\" align=\"center\"><strong><span style=\"text-decoration: underline;\">PRESIDENTE<\/span><\/strong><\/p>\n<p style=\"text-align: justify;\" align=\"center\">Juan Cuesta Borr\u00e1s<\/p>\n<p style=\"text-align: justify;\" align=\"center\"><strong><span style=\"text-decoration: underline;\">SECRETARIO<\/span><\/strong><\/p>\n<p style=\"text-align: justify;\" align=\"center\">David Va\u00f1\u00f3 Terol<\/p>\n<p style=\"text-align: justify;\" align=\"center\"><strong><span style=\"text-decoration: underline;\">TESORERO<\/span><\/strong><\/p>\n<p style=\"text-align: justify;\" align=\"center\">David Borr\u00e1s Mart\u00ednez<\/p>\n<p style=\"text-align: justify;\" align=\"center\"><strong><span style=\"text-decoration: underline;\">VOCALES<\/span><\/strong><\/p>\n<p style=\"text-align: justify;\" align=\"center\">Juan Vicente Mart\u00ednez Tormo<\/p>\n<p style=\"text-align: justify;\" align=\"center\">Estefan\u00eda Sisternes Moll\u00e1<\/p>\n<p style=\"text-align: justify;\" align=\"center\"><a href=\"http:\/\/www.portaldelolleria.es\/wp-content\/uploads\/2015\/06\/dardos2.jpg\"><img loading=\"lazy\" class=\"aligncenter size-full wp-image-9563\" title=\"cuesta dardos curvas\" src=\"http:\/\/www.portaldelolleria.es\/wp-content\/uploads\/2015\/06\/dardos2.jpg\" alt=\"\" width=\"598\" height=\"846\" srcset=\"http:\/\/www.portaldelolleria.es\/wp-content\/uploads\/2015\/06\/dardos2.jpg 598w, http:\/\/www.portaldelolleria.es\/wp-content\/uploads\/2015\/06\/dardos2-212x300.jpg 212w\" sizes=\"(max-width: 598px) 100vw, 598px\" \/><\/a><\/p>\n","protected":false},"excerpt":{"rendered":"<p>&nbsp; ASOCIACI\u00d3N DE DARDOS TABERNA BUDA. L\u2019OLLERIA (VALENCIA) \u00a0\u00a0\u00a0\u00a0\u00a0\u00a0\u00a0\u00a0\u00a0\u00a0\u00a0\u00a0\u00a0\u00a0\u00a0 El pr\u00f3ximo s\u00e1bado d\u00eda 20 de Junio se celebra en L\u2019Olleria, en los bajos del mercado municipal el primer campeonato de dardos electr\u00f3nicos, dicho campeonato se celebra a nivel comarcal y se espera la participaci\u00f3n de gente de las poblaciones de: L\u2019Olleria, Montaverner, Alfarrasi, Onteniente, Albaida, [&hellip;]<\/p>\n","protected":false},"author":1,"featured_media":0,"comment_status":"closed","ping_status":"open","sticky":false,"template":"","format":"standard","meta":{"_monsterinsights_skip_tracking":false,"_monsterinsights_sitenote_active":false,"_monsterinsights_sitenote_note":"","_monsterinsights_sitenote_category":0},"categories":[9,12],"tags":[1361,208,1360,20,1362],"_links":{"self":[{"href":"http:\/\/www.portaldelolleria.es\/index.php?rest_route=\/wp\/v2\/posts\/9560"}],"collection":[{"href":"http:\/\/www.portaldelolleria.es\/index.php?rest_route=\/wp\/v2\/posts"}],"about":[{"href":"http:\/\/www.portaldelolleria.es\/index.php?rest_route=\/wp\/v2\/types\/post"}],"author":[{"embeddable":true,"href":"http:\/\/www.portaldelolleria.es\/index.php?rest_route=\/wp\/v2\/users\/1"}],"replies":[{"embeddable":true,"href":"http:\/\/www.portaldelolleria.es\/index.php?rest_route=%2Fwp%2Fv2%2Fcomments&post=9560"}],"version-history":[{"count":2,"href":"http:\/\/www.portaldelolleria.es\/index.php?rest_route=\/wp\/v2\/posts\/9560\/revisions"}],"predecessor-version":[{"id":9565,"href":"http:\/\/www.portaldelolleria.es\/index.php?rest_route=\/wp\/v2\/posts\/9560\/revisions\/9565"}],"wp:attachment":[{"href":"http:\/\/www.portaldelolleria.es\/index.php?rest_route=%2Fwp%2Fv2%2Fmedia&parent=9560"}],"wp:term":[{"taxonomy":"category","embeddable":true,"href":"http:\/\/www.portaldelolleria.es\/index.php?rest_route=%2Fwp%2Fv2%2Fcategories&post=9560"},{"taxonomy":"post_tag","embeddable":true,"href":"http:\/\/www.portaldelolleria.es\/index.php?rest_route=%2Fwp%2Fv2%2Ftags&post=9560"}],"curies":[{"name":"wp","href":"https:\/\/api.w.org\/{rel}","templated":true}]}}