{"id":9566,"date":"2015-06-10T18:15:55","date_gmt":"2015-06-10T16:15:55","guid":{"rendered":"http:\/\/www.portaldelolleria.es\/?p=9566"},"modified":"2015-06-10T18:17:25","modified_gmt":"2015-06-10T16:17:25","slug":"concluye-el-programa-entre-comarques-en-benissoda","status":"publish","type":"post","link":"http:\/\/www.portaldelolleria.es\/?p=9566","title":{"rendered":"Concluye el programa \u00abEntre Comarques\u00bb en Benissoda"},"content":{"rendered":"<p><a href=\"http:\/\/www.portaldelolleria.es\/wp-content\/uploads\/2015\/06\/benissoda.jpg\"><img loading=\"lazy\" class=\"aligncenter size-full wp-image-9567\" title=\"benissoda\" src=\"http:\/\/www.portaldelolleria.es\/wp-content\/uploads\/2015\/06\/benissoda.jpg\" alt=\"\" width=\"598\" height=\"398\" srcset=\"http:\/\/www.portaldelolleria.es\/wp-content\/uploads\/2015\/06\/benissoda.jpg 598w, http:\/\/www.portaldelolleria.es\/wp-content\/uploads\/2015\/06\/benissoda-300x199.jpg 300w\" sizes=\"(max-width: 598px) 100vw, 598px\" \/><\/a><\/p>\n<p>&nbsp;<\/p>\n<p align=\"center\"><strong>CONCLOU EL PROGRAMA D\u2019ENTRE COMARQUES AL MUNICIPI DE BENISSODA<\/strong><\/p>\n<p>&nbsp;<\/p>\n<p>&nbsp;<\/p>\n<p>&nbsp;<\/p>\n<p>Vall d&#8217;Albaida \/\/09.06.2015.- La Mancomunidad de municipios del Vall d&#8217;Albaida, la Mancomunidad de la Ribera Alta y Baja han preparado por segundo a\u00f1o consecutivo el programa de rutas tur\u00edsticas guiadas con el objetivo de dar a conocer todo el patrimonio hist\u00f3rico art\u00edstico vez que vertebrar parte de los municipios la provincia de Valencia.<\/p>\n<p>El presidente en funciones de la Mancomunidad de Municipios de la Vall d&#8217;Albaida, Juan A. Puchades, ha destacado \u00abEsta semana concluye el programa Entre comarcas el municipio de Benissoda, donde se realizar\u00e1 la visita guiada, los sorteos de los premios de los alojamientos y restaurantes que han participado en esta edici\u00f3n y, la comida de hermandad \u00ab, continu\u00f3:\u00bb un total de 35 rutas se ha realizado a lo largo de 5 meses, desde febrero hasta junio \u00abha concluido el presidente:\u00bb continuaremos trabajando a\u00f1o a a\u00f1o por el Valle de Albaida y apostando por el turismo interior \u00ab.<\/p>\n<p>Las mancomunidades de la Ribera Alta, Ribera Baja y Vall d&#8217;Albaida, con la colaboraci\u00f3n de los municipios y el patrocinio del Patronato Provincial de Turismo Val\u00e8ncia, Terra i Mar, de la Diputaci\u00f3n de Valencia, han organizado para este fin de semana la visita guiada a Benissoda<\/p>\n<p>Domingo 14 de junio: Benissoda.<\/p>\n<p>Domingo, 14 de junio realizaremos un paseo por el municipio de Benissoda donde descubriremos la iglesia Natividad de Nuestra Se\u00f1ora, el lavadero de Arriba en homenaje a la Mujer, la Fuente del Olivo, el Parque de las Moreras con el reloj de sol, el museo etnol\u00f3gico donde se proyectar\u00e1 un audiovisual de la comarca y finalmente se visitar\u00e1 el paraje de la la font del Riu Pelut i llavador de Baix, de ahi iremos hacia la casa Cultura, donde se realizar\u00e1n los 39 sorteos premios de Entre Comarcas y la comida de clausura. Hay que apuntarse para reservar plaza para el almuerzo. Se ruega inscripci\u00f3n previa a trav\u00e9s del formulario on line como m\u00e1ximo dos d\u00edas antes de la actividad.<\/p>\n<p>Contin\u00faa el programa de turismo activo y multiaventura, Mu\u00e9vete por la Vall, este fin de semana Mu\u00e9vete en Quatretonda, el viernes 12 de junio, a las 20: 00h ruta nocturna de senderismo por Quatretonda, el punto de encuentro es en el polideportivo municipal 10 minutos antes de la salida.<\/p>\n<p>Mu\u00e9vete en Bell\u00fas, el s\u00e1bado 13 de junio, a las 16: 00h en el Estrecho de las aguas de Bell\u00fas, realizaremos escalada y fangoterapia.<\/p>\n<p>Para todas las actividades se ruega inscripciones on line como m\u00e1ximo dos d\u00edas antes de realizar la actividad.<\/p>\n<div>\n<p><strong>PROJECTE ENTRE COMARQUES 2015 &gt;<\/strong><strong> del 7 de febrer al 14 de juny de 2015<\/strong><\/p>\n<p><strong>Link del formulari d\u2019inscripci\u00f3 Entre Comarques 2015 <\/strong><strong>\u00e0<\/strong><strong> <\/strong><strong><a href=\"http:\/\/goo.gl\/zJaiT4\">http:\/\/goo.gl\/zJaiT4<\/a><\/strong><\/p>\n<p><strong>PROGRAMA MOU-TE PER LA VALL &gt; <\/strong><strong>del 17 d\u2019abril al 27 de juny<\/strong><\/p>\n<p><strong>Link Formular d\u2019inscripci\u00f3 Mou-te per la Vall <\/strong><strong>\u00e0<\/strong><strong> <\/strong><a href=\"http:\/\/goo.gl\/1oMjo6\"><strong>http:\/\/goo.gl\/1oMjo6<\/strong><\/a><\/p>\n<p align=\"left\"><strong>II CICLORUTA A LA VALL D\u2019ALBAIDA<\/strong><strong> &gt; <\/strong><strong>Dia 21\/06\/2015<\/strong><strong>\u00e0<\/strong><strong> <\/strong><strong><a href=\"https:\/\/goo.gl\/lInFKg\">https:\/\/goo.gl\/lInFKg<\/a> <\/strong><\/p>\n<p><strong>CURS DE GESTI\u00d3 EMPRESARIAL&gt; IVAJ &gt;<\/strong><strong> del 29 de juny al 15 de juliol<\/strong><\/p>\n<p><strong>Link Formular d\u2019inscripci\u00f3 curs<\/strong><strong>\u00e0<\/strong><strong> <a href=\"https:\/\/goo.gl\/gJEuDU\">https:\/\/goo.gl\/gJEuDU<\/a> <\/strong><\/p>\n<p><strong>TOTES LES NOVETATS DE LA VALL D\u2019ALBAIDA EN <\/strong><strong>\u00e0<\/strong><strong> <a href=\"http:\/\/goo.gl\/vmf7uA\">http:\/\/goo.gl\/vmf7uA<\/a><\/strong><strong><\/strong><\/p>\n<\/div>\n","protected":false},"excerpt":{"rendered":"<p>&nbsp; CONCLOU EL PROGRAMA D\u2019ENTRE COMARQUES AL MUNICIPI DE BENISSODA &nbsp; &nbsp; &nbsp; Vall d&#8217;Albaida \/\/09.06.2015.- La Mancomunidad de municipios del Vall d&#8217;Albaida, la Mancomunidad de la Ribera Alta y Baja han preparado por segundo a\u00f1o consecutivo el programa de rutas tur\u00edsticas guiadas con el objetivo de dar a conocer todo el patrimonio hist\u00f3rico art\u00edstico [&hellip;]<\/p>\n","protected":false},"author":1,"featured_media":0,"comment_status":"closed","ping_status":"open","sticky":false,"template":"","format":"standard","meta":{"_monsterinsights_skip_tracking":false,"_monsterinsights_sitenote_active":false,"_monsterinsights_sitenote_note":"","_monsterinsights_sitenote_category":0},"categories":[171,12],"tags":[357,1363,113,209],"_links":{"self":[{"href":"http:\/\/www.portaldelolleria.es\/index.php?rest_route=\/wp\/v2\/posts\/9566"}],"collection":[{"href":"http:\/\/www.portaldelolleria.es\/index.php?rest_route=\/wp\/v2\/posts"}],"about":[{"href":"http:\/\/www.portaldelolleria.es\/index.php?rest_route=\/wp\/v2\/types\/post"}],"author":[{"embeddable":true,"href":"http:\/\/www.portaldelolleria.es\/index.php?rest_route=\/wp\/v2\/users\/1"}],"replies":[{"embeddable":true,"href":"http:\/\/www.portaldelolleria.es\/index.php?rest_route=%2Fwp%2Fv2%2Fcomments&post=9566"}],"version-history":[{"count":3,"href":"http:\/\/www.portaldelolleria.es\/index.php?rest_route=\/wp\/v2\/posts\/9566\/revisions"}],"predecessor-version":[{"id":9570,"href":"http:\/\/www.portaldelolleria.es\/index.php?rest_route=\/wp\/v2\/posts\/9566\/revisions\/9570"}],"wp:attachment":[{"href":"http:\/\/www.portaldelolleria.es\/index.php?rest_route=%2Fwp%2Fv2%2Fmedia&parent=9566"}],"wp:term":[{"taxonomy":"category","embeddable":true,"href":"http:\/\/www.portaldelolleria.es\/index.php?rest_route=%2Fwp%2Fv2%2Fcategories&post=9566"},{"taxonomy":"post_tag","embeddable":true,"href":"http:\/\/www.portaldelolleria.es\/index.php?rest_route=%2Fwp%2Fv2%2Ftags&post=9566"}],"curies":[{"name":"wp","href":"https:\/\/api.w.org\/{rel}","templated":true}]}}