{"id":9578,"date":"2015-06-12T10:05:48","date_gmt":"2015-06-12T08:05:48","guid":{"rendered":"http:\/\/www.portaldelolleria.es\/?p=9578"},"modified":"2015-06-12T10:11:30","modified_gmt":"2015-06-12T08:11:30","slug":"este-sabado-sesion-constitutiva-del-nuevo-equipo-de-gobierno-en-lolleria","status":"publish","type":"post","link":"http:\/\/www.portaldelolleria.es\/?p=9578","title":{"rendered":"Este s\u00e1bado, sesi\u00f3n constitutiva del nuevo equipo de gobierno en l&#8217;Olleria"},"content":{"rendered":"<p><a href=\"http:\/\/www.portaldelolleria.es\/wp-content\/uploads\/2015\/06\/ajuntament.jpg\"><img loading=\"lazy\" class=\"aligncenter size-full wp-image-9579\" title=\"ajuntament\" src=\"http:\/\/www.portaldelolleria.es\/wp-content\/uploads\/2015\/06\/ajuntament.jpg\" alt=\"\" width=\"598\" height=\"398\" srcset=\"http:\/\/www.portaldelolleria.es\/wp-content\/uploads\/2015\/06\/ajuntament.jpg 598w, http:\/\/www.portaldelolleria.es\/wp-content\/uploads\/2015\/06\/ajuntament-300x199.jpg 300w\" sizes=\"(max-width: 598px) 100vw, 598px\" \/><\/a><\/p>\n<p>&nbsp;<\/p>\n<p>Ma\u00f1ana, s\u00e1bado, se celebrar\u00e1 la sesi\u00f3n constitutiva del ayuntamiento, con la toma de posesi\u00f3n del nuevo equipo de gobierno, liderado por Juli\u00e0 Engo (Comprom\u00eds per l&#8217;Olleria).<\/p>\n<p>El acto, que se desarrollar\u00e1 en el sal\u00f3n de plenos del ayuntamiento, comenzar\u00e1 a las 12.00 del mediodia. Como establece la Ley del R\u00e9gimen Electoral General, el primer punto del orden del d\u00eda ser\u00e1 la constituci\u00f3n de la propia Corporaci\u00f3n.<\/p>\n<p>A continuaci\u00f3n se proceder\u00e1 a la proclamaci\u00f3n de candidatos y a la votaci\u00f3n\u00a0 de todos los miembros de la corporaci\u00f3n. Para ser proclamado alcalde ser\u00e1 necesario obtener un m\u00ednimo de 7 votos para alcanzar la mayor\u00eda absoluta.<\/p>\n<p>Para esta nueva legislatura Comprom\u00eds y el PSOE de l&#8217;Olleria han llegado a un acuerdo la gobernabilidad del municipio. El acuerdo contempla 3 a\u00f1os de gobierno para la formaci\u00f3n de Juli\u00e1 Engo, y uno para el grupo de Hector Such<\/p>\n","protected":false},"excerpt":{"rendered":"<p>&nbsp; Ma\u00f1ana, s\u00e1bado, se celebrar\u00e1 la sesi\u00f3n constitutiva del ayuntamiento, con la toma de posesi\u00f3n del nuevo equipo de gobierno, liderado por Juli\u00e0 Engo (Comprom\u00eds per l&#8217;Olleria). El acto, que se desarrollar\u00e1 en el sal\u00f3n de plenos del ayuntamiento, comenzar\u00e1 a las 12.00 del mediodia. Como establece la Ley del R\u00e9gimen Electoral General, el primer [&hellip;]<\/p>\n","protected":false},"author":1,"featured_media":0,"comment_status":"closed","ping_status":"open","sticky":false,"template":"","format":"standard","meta":{"_monsterinsights_skip_tracking":false,"_monsterinsights_sitenote_active":false,"_monsterinsights_sitenote_note":"","_monsterinsights_sitenote_category":0},"categories":[3,12],"tags":[571,1365,1364,20],"_links":{"self":[{"href":"http:\/\/www.portaldelolleria.es\/index.php?rest_route=\/wp\/v2\/posts\/9578"}],"collection":[{"href":"http:\/\/www.portaldelolleria.es\/index.php?rest_route=\/wp\/v2\/posts"}],"about":[{"href":"http:\/\/www.portaldelolleria.es\/index.php?rest_route=\/wp\/v2\/types\/post"}],"author":[{"embeddable":true,"href":"http:\/\/www.portaldelolleria.es\/index.php?rest_route=\/wp\/v2\/users\/1"}],"replies":[{"embeddable":true,"href":"http:\/\/www.portaldelolleria.es\/index.php?rest_route=%2Fwp%2Fv2%2Fcomments&post=9578"}],"version-history":[{"count":2,"href":"http:\/\/www.portaldelolleria.es\/index.php?rest_route=\/wp\/v2\/posts\/9578\/revisions"}],"predecessor-version":[{"id":9581,"href":"http:\/\/www.portaldelolleria.es\/index.php?rest_route=\/wp\/v2\/posts\/9578\/revisions\/9581"}],"wp:attachment":[{"href":"http:\/\/www.portaldelolleria.es\/index.php?rest_route=%2Fwp%2Fv2%2Fmedia&parent=9578"}],"wp:term":[{"taxonomy":"category","embeddable":true,"href":"http:\/\/www.portaldelolleria.es\/index.php?rest_route=%2Fwp%2Fv2%2Fcategories&post=9578"},{"taxonomy":"post_tag","embeddable":true,"href":"http:\/\/www.portaldelolleria.es\/index.php?rest_route=%2Fwp%2Fv2%2Ftags&post=9578"}],"curies":[{"name":"wp","href":"https:\/\/api.w.org\/{rel}","templated":true}]}}