{"id":9619,"date":"2015-06-13T21:44:45","date_gmt":"2015-06-13T19:44:45","guid":{"rendered":"http:\/\/www.portaldelolleria.es\/?p=9619"},"modified":"2015-07-08T21:07:48","modified_gmt":"2015-07-08T19:07:48","slug":"julia-engo-nuevo-alcalde-de-lolleria","status":"publish","type":"post","link":"http:\/\/www.portaldelolleria.es\/?p=9619","title":{"rendered":"Juli\u00e0 Engo, nuevo alcalde de l&#8217;Olleria"},"content":{"rendered":"<p><a href=\"http:\/\/www.portaldelolleria.es\/wp-content\/uploads\/2015\/06\/julia1.jpg\"><img loading=\"lazy\" class=\"aligncenter size-full wp-image-9620\" title=\"julia1\" src=\"http:\/\/www.portaldelolleria.es\/wp-content\/uploads\/2015\/06\/julia1.jpg\" alt=\"\" width=\"598\" height=\"398\" srcset=\"http:\/\/www.portaldelolleria.es\/wp-content\/uploads\/2015\/06\/julia1.jpg 598w, http:\/\/www.portaldelolleria.es\/wp-content\/uploads\/2015\/06\/julia1-300x199.jpg 300w\" sizes=\"(max-width: 598px) 100vw, 598px\" \/><\/a><\/p>\n<p style=\"text-align: justify;\">Con una sala de plenos completamente llena,\u00a0 esta ma\u00f1ana a las 12 del mediod\u00eda, se realiz\u00f3\u00a0 el relevo del Gobierno Municipal<\/p>\n<p style=\"text-align: justify;\">El nuevo Gobierno Municipal, liderado por Juli\u00e1 Engo, ha tomado hoy posesi\u00f3n en el Ayuntamiento de L&#8217;Olleria.\u00a0 Tras los actos protocolarios y presentaci\u00f3n\u00a0 de credenciales, el traspaso de poder se realiz\u00f3 con dentro del orden esperado para tal fin. Como ya estaba pactado, el PSPV\u00a0 y Comprom\u00eds por l&#8217;Olleria con siete votos frente a los seis del Partido Popular otorgaron la Alcald\u00eda a Juli\u00e1 Engo.\u00a0 En sus intervenciones, los portavoces de cada formaci\u00f3n intervinieron por orden de votos conseguidos.<\/p>\n<p style=\"text-align: justify;\">Hector Such, por parte del PSPV, adem\u00e1s de dar por concluidas las diferencias personales con el anterior Alcalde, Jos\u00e9 Vidal, explic\u00f3 el apoyo de su grupo a la candidatura de Comprom\u00eds.\u00a0 Ruth Martinez como portavoz de Comprom\u00eds,\u00a0 coment\u00f3 el cambio que el nuevo Gobierno supon\u00eda para l&#8217;Olleria.\u00a0 Por parte de los Populares, Jos\u00e9 Vidal, hizo un repaso de los m\u00e9ritos contraidos que su grupo realiz\u00f3 en estos \u00faltimos cuatro a\u00f1os. Todos ellos agradacieron a los votantes su participaci\u00f3n.<\/p>\n<p style=\"text-align: justify;\">Por \u00faltimo el nuevo Alcalde, hizo un breve repaso del significado de democracia, y la diversidad de opiniones que enriquecen la pol\u00edtica, recordando a los presentes,\u00a0 la labor que tendr\u00e1n que desarrollar los 13 electos en beneficio de l&#8217;Olleria.<\/p>\n<p>\u00a0<a href=\"http:\/\/www.portaldelolleria.es\/wp-content\/uploads\/2015\/06\/alcalde1.jpg\"><img loading=\"lazy\" class=\"aligncenter size-full wp-image-9624\" title=\"alcalde1\" src=\"http:\/\/www.portaldelolleria.es\/wp-content\/uploads\/2015\/06\/alcalde1.jpg\" alt=\"\" width=\"598\" height=\"398\" srcset=\"http:\/\/www.portaldelolleria.es\/wp-content\/uploads\/2015\/06\/alcalde1.jpg 598w, http:\/\/www.portaldelolleria.es\/wp-content\/uploads\/2015\/06\/alcalde1-300x199.jpg 300w\" sizes=\"(max-width: 598px) 100vw, 598px\" \/><\/a><\/p>\n<p><a href=\"http:\/\/www.portaldelolleria.es\/wp-content\/uploads\/2015\/06\/alcalde2.jpg\"><img loading=\"lazy\" class=\"aligncenter size-full wp-image-9625\" title=\"alcalde2\" src=\"http:\/\/www.portaldelolleria.es\/wp-content\/uploads\/2015\/06\/alcalde2.jpg\" alt=\"\" width=\"598\" height=\"398\" srcset=\"http:\/\/www.portaldelolleria.es\/wp-content\/uploads\/2015\/06\/alcalde2.jpg 598w, http:\/\/www.portaldelolleria.es\/wp-content\/uploads\/2015\/06\/alcalde2-300x199.jpg 300w\" sizes=\"(max-width: 598px) 100vw, 598px\" \/><\/a><\/p>\n<p>&nbsp;<br \/>\n<iframe loading=\"lazy\" src=\"https:\/\/www.youtube.com\/embed\/VeNlpUaSuRY\" frameborder=\"0\" width=\"598\" height=\"336\"><\/iframe><\/p>\n","protected":false},"excerpt":{"rendered":"<p>Con una sala de plenos completamente llena,\u00a0 esta ma\u00f1ana a las 12 del mediod\u00eda, se realiz\u00f3\u00a0 el relevo del Gobierno Municipal El nuevo Gobierno Municipal, liderado por Juli\u00e1 Engo, ha tomado hoy posesi\u00f3n en el Ayuntamiento de L&#8217;Olleria.\u00a0 Tras los actos protocolarios y presentaci\u00f3n\u00a0 de credenciales, el traspaso de poder se realiz\u00f3 con dentro del [&hellip;]<\/p>\n","protected":false},"author":1,"featured_media":0,"comment_status":"closed","ping_status":"open","sticky":false,"template":"","format":"standard","meta":{"_monsterinsights_skip_tracking":false,"_monsterinsights_sitenote_active":false,"_monsterinsights_sitenote_note":"","_monsterinsights_sitenote_category":0},"categories":[3,12],"tags":[571,1364,20,1369],"_links":{"self":[{"href":"http:\/\/www.portaldelolleria.es\/index.php?rest_route=\/wp\/v2\/posts\/9619"}],"collection":[{"href":"http:\/\/www.portaldelolleria.es\/index.php?rest_route=\/wp\/v2\/posts"}],"about":[{"href":"http:\/\/www.portaldelolleria.es\/index.php?rest_route=\/wp\/v2\/types\/post"}],"author":[{"embeddable":true,"href":"http:\/\/www.portaldelolleria.es\/index.php?rest_route=\/wp\/v2\/users\/1"}],"replies":[{"embeddable":true,"href":"http:\/\/www.portaldelolleria.es\/index.php?rest_route=%2Fwp%2Fv2%2Fcomments&post=9619"}],"version-history":[{"count":6,"href":"http:\/\/www.portaldelolleria.es\/index.php?rest_route=\/wp\/v2\/posts\/9619\/revisions"}],"predecessor-version":[{"id":9622,"href":"http:\/\/www.portaldelolleria.es\/index.php?rest_route=\/wp\/v2\/posts\/9619\/revisions\/9622"}],"wp:attachment":[{"href":"http:\/\/www.portaldelolleria.es\/index.php?rest_route=%2Fwp%2Fv2%2Fmedia&parent=9619"}],"wp:term":[{"taxonomy":"category","embeddable":true,"href":"http:\/\/www.portaldelolleria.es\/index.php?rest_route=%2Fwp%2Fv2%2Fcategories&post=9619"},{"taxonomy":"post_tag","embeddable":true,"href":"http:\/\/www.portaldelolleria.es\/index.php?rest_route=%2Fwp%2Fv2%2Ftags&post=9619"}],"curies":[{"name":"wp","href":"https:\/\/api.w.org\/{rel}","templated":true}]}}