{"id":970,"date":"2012-07-17T15:20:12","date_gmt":"2012-07-17T14:20:12","guid":{"rendered":"http:\/\/www.portaldelolleria.es\/?p=970"},"modified":"2012-07-24T21:44:27","modified_gmt":"2012-07-24T20:44:27","slug":"cuenta-atras-para-la-publicacion-de-fiestas-2012-este-viernes","status":"publish","type":"post","link":"http:\/\/www.portaldelolleria.es\/?p=970","title":{"rendered":"Ultimando detalles para la \u00abPublicaci\u00f3n de Fiestas 2012\u00bb, este viernes"},"content":{"rendered":"<p><a href=\"http:\/\/www.portaldelolleria.es\/wp-content\/uploads\/2012\/07\/festers.jpg\"><img loading=\"lazy\" class=\"aligncenter size-full wp-image-971\" title=\"festers\" src=\"http:\/\/www.portaldelolleria.es\/wp-content\/uploads\/2012\/07\/festers.jpg\" alt=\"\" width=\"598\" height=\"398\" srcset=\"http:\/\/www.portaldelolleria.es\/wp-content\/uploads\/2012\/07\/festers.jpg 598w, http:\/\/www.portaldelolleria.es\/wp-content\/uploads\/2012\/07\/festers-300x199.jpg 300w\" sizes=\"(max-width: 598px) 100vw, 598px\" \/><\/a><\/p>\n<p>Contin\u00faan ultim\u00e1ndose detalles para el acto de este viernes d\u00eda de la Publicaci\u00f3n de las Fiestas, acto que ser\u00e1 la avantsala de las Fiestas Patronales y de Moros y Cristianos de L&#8217;Olleria 2012 que este a\u00f1o empezar\u00e1n el 24 de agosto. El concejal de Fiestas, Juan Ruano manten\u00eda este pasado viernes 13 de julio una reuni\u00f3n con los Festeros y Festeras de 2012, que este a\u00f1o son los j\u00f3venes de la quinta de 1995 con el objetivo de explicar las pautas a seguir el d\u00eda de la Publicaci\u00f3n.<\/p>\n","protected":false},"excerpt":{"rendered":"<p>Contin\u00faan ultim\u00e1ndose detalles para el acto de este viernes d\u00eda de la Publicaci\u00f3n de las Fiestas, acto que ser\u00e1 la avantsala de las Fiestas Patronales y de Moros y Cristianos de L&#8217;Olleria 2012 que este a\u00f1o empezar\u00e1n el 24 de agosto. El concejal de Fiestas, Juan Ruano manten\u00eda este pasado viernes 13 de julio una [&hellip;]<\/p>\n","protected":false},"author":2,"featured_media":0,"comment_status":"closed","ping_status":"open","sticky":false,"template":"","format":"standard","meta":{"_monsterinsights_skip_tracking":false,"_monsterinsights_sitenote_active":false,"_monsterinsights_sitenote_note":"","_monsterinsights_sitenote_category":0},"categories":[17,12],"tags":[248,20,213],"_links":{"self":[{"href":"http:\/\/www.portaldelolleria.es\/index.php?rest_route=\/wp\/v2\/posts\/970"}],"collection":[{"href":"http:\/\/www.portaldelolleria.es\/index.php?rest_route=\/wp\/v2\/posts"}],"about":[{"href":"http:\/\/www.portaldelolleria.es\/index.php?rest_route=\/wp\/v2\/types\/post"}],"author":[{"embeddable":true,"href":"http:\/\/www.portaldelolleria.es\/index.php?rest_route=\/wp\/v2\/users\/2"}],"replies":[{"embeddable":true,"href":"http:\/\/www.portaldelolleria.es\/index.php?rest_route=%2Fwp%2Fv2%2Fcomments&post=970"}],"version-history":[{"count":4,"href":"http:\/\/www.portaldelolleria.es\/index.php?rest_route=\/wp\/v2\/posts\/970\/revisions"}],"predecessor-version":[{"id":1071,"href":"http:\/\/www.portaldelolleria.es\/index.php?rest_route=\/wp\/v2\/posts\/970\/revisions\/1071"}],"wp:attachment":[{"href":"http:\/\/www.portaldelolleria.es\/index.php?rest_route=%2Fwp%2Fv2%2Fmedia&parent=970"}],"wp:term":[{"taxonomy":"category","embeddable":true,"href":"http:\/\/www.portaldelolleria.es\/index.php?rest_route=%2Fwp%2Fv2%2Fcategories&post=970"},{"taxonomy":"post_tag","embeddable":true,"href":"http:\/\/www.portaldelolleria.es\/index.php?rest_route=%2Fwp%2Fv2%2Ftags&post=970"}],"curies":[{"name":"wp","href":"https:\/\/api.w.org\/{rel}","templated":true}]}}