{"id":9720,"date":"2015-06-22T19:45:09","date_gmt":"2015-06-22T17:45:09","guid":{"rendered":"http:\/\/www.portaldelolleria.es\/?p=9720"},"modified":"2015-06-22T19:45:09","modified_gmt":"2015-06-22T17:45:09","slug":"el-21-premi-de-literatura-erotica-la-vall-d%e2%80%99albaida-conocera-el-viernes-al-ganador","status":"publish","type":"post","link":"http:\/\/www.portaldelolleria.es\/?p=9720","title":{"rendered":"El 21 Premi de Literatura Er\u00f2tica La Vall d\u2019Albaida conocer\u00e1 el viernes al ganador"},"content":{"rendered":"<p><a href=\"http:\/\/www.portaldelolleria.es\/wp-content\/uploads\/2015\/06\/literaturaerotica.jpg\"><img loading=\"lazy\" class=\"aligncenter size-full wp-image-9721\" title=\"literaturaerotica\" src=\"http:\/\/www.portaldelolleria.es\/wp-content\/uploads\/2015\/06\/literaturaerotica.jpg\" alt=\"\" width=\"598\" height=\"398\" srcset=\"http:\/\/www.portaldelolleria.es\/wp-content\/uploads\/2015\/06\/literaturaerotica.jpg 598w, http:\/\/www.portaldelolleria.es\/wp-content\/uploads\/2015\/06\/literaturaerotica-300x199.jpg 300w\" sizes=\"(max-width: 598px) 100vw, 598px\" \/><\/a><\/p>\n<h4 style=\"text-align: justify;\">El 21 Premi de Literatura Er\u00f2tica La Vall d\u2019Albaida conocer\u00e1 el viernes al ganador<\/h4>\n<h4 style=\"text-align: justify;\">El veredicto del jurado se dar\u00e1 a conocer en el parc Enric Valor de B\u00e8lgida<\/h4>\n<p style=\"text-align: justify;\"><strong>La Vall d\u2019Albaida, 22.06.2015<\/strong> &gt;&gt; Los 30 participantes en el 21 Premi de literatura er\u00f2tica mantendr\u00e1n la incertidumbre sobre el veredicto del jurado hasta este viernes, 26 de junio, cuando la Mancomunidad de municipios de la Vall d\u2019Albaida har\u00e1 p\u00fablica la decisi\u00f3n en un acto que tendr\u00e1 lugar en el parc Enric Valor de B\u00e8lgida a las 21.00 h. La creatividad, la imaginaci\u00f3n, la m\u00fasica y el erotismo ser\u00e1n los principales ingredientes de una cita esperada en la comarca y que \u00aba\u00f1o tras a\u00f1o se convierte en un s\u00edmbolo de identidad que marca el inicio de verano en nuestras tierras\u00bb, seg\u00fan Juan A. Puchades Arce, presidente en funciones de la entidad organizadora.<\/p>\n<p style=\"text-align: justify;\">Cualquier persona interesada puede solicitar invitaciones en el \u00c1rea de cultura de la propia Mancomunidad antes del d\u00eda 24 para disfrutar de un completo espect\u00e1culo conducido por la presentadora Arantxa Gonz\u00e1lez, donde se combinar\u00e1n, como es habitual, la sensibilidad, la pasi\u00f3n, la sensualidad y el exotismo con toda una serie de sorpresas que ir\u00e1n descubri\u00e9ndose poco a poco. El saxo de Miguel Justo, y la voz y guitarra de Pablo Gisbert acompa\u00f1ados por Miriam Albero, ser\u00e1n los encargados de amenizar el acto basado en las canciones er\u00f3ticas que recorrer\u00e1n diferentes tiempos y estilos con diferentes idiomas. \u00abSe trata de un acto m\u00e1gico e innovador con una excelente puesta en escena en la noche m\u00e1s sensual de la comarca\u00bb, tal y como apunta Puchades.<\/p>\n<p style=\"text-align: justify;\">Para la Mancomunitat de Municipis de la Vall d\u2019Albaida, la velada \u00abresponde a un premio arraigado en la comarca dentro del panorama literario valenciano, con un alto prestigio por su trayectoria y famoso por ser el \u00fanico en su g\u00e9nero en toda Espa\u00f1a y, al mismo tiempo por la alta participaci\u00f3n, lo que \u00edndica el inter\u00e9s en participar por parte de los autores en estas propuestas narrativas\u201d.<\/p>\n<p style=\"text-align: justify;\">Adem\u00e1s, Juan A. Puchades ha enfatizado, el premio de literatura er\u00f3tica en un \u00abritual que sigue el ciclo anual y alcanza su cenit con el veredicto del jurado\u00bb, ha continuado: \u00abse trata un evento \u00abdestacado y singular\u00bb que incide en el \u00e1mbito cultural, pol\u00edtico, econ\u00f3mico y social de la Vall d\u2019Albaida y de otras comarcas vecinas, adem\u00e1s \u00abes una noche de verano donde se revive la pasi\u00f3n, el erotismo y la sensualidad de forma atractiva e innovadora \u00ab. Por ello, el m\u00e1ximo dirigente del ente comarcal anima \u00aba todos los vecinos a sumarse a esta fiesta de las letras, a disfrutar de la fresca y del espect\u00e1culo combinando la cultura con la articulaci\u00f3n y la convivencia comarcal\u00bb.<\/p>\n","protected":false},"excerpt":{"rendered":"<p>El 21 Premi de Literatura Er\u00f2tica La Vall d\u2019Albaida conocer\u00e1 el viernes al ganador El veredicto del jurado se dar\u00e1 a conocer en el parc Enric Valor de B\u00e8lgida La Vall d\u2019Albaida, 22.06.2015 &gt;&gt; Los 30 participantes en el 21 Premi de literatura er\u00f2tica mantendr\u00e1n la incertidumbre sobre el veredicto del jurado hasta este viernes, [&hellip;]<\/p>\n","protected":false},"author":1,"featured_media":0,"comment_status":"closed","ping_status":"open","sticky":false,"template":"","format":"standard","meta":{"_monsterinsights_skip_tracking":false,"_monsterinsights_sitenote_active":false,"_monsterinsights_sitenote_note":"","_monsterinsights_sitenote_category":0},"categories":[16,12],"tags":[1383,1382,113],"_links":{"self":[{"href":"http:\/\/www.portaldelolleria.es\/index.php?rest_route=\/wp\/v2\/posts\/9720"}],"collection":[{"href":"http:\/\/www.portaldelolleria.es\/index.php?rest_route=\/wp\/v2\/posts"}],"about":[{"href":"http:\/\/www.portaldelolleria.es\/index.php?rest_route=\/wp\/v2\/types\/post"}],"author":[{"embeddable":true,"href":"http:\/\/www.portaldelolleria.es\/index.php?rest_route=\/wp\/v2\/users\/1"}],"replies":[{"embeddable":true,"href":"http:\/\/www.portaldelolleria.es\/index.php?rest_route=%2Fwp%2Fv2%2Fcomments&post=9720"}],"version-history":[{"count":1,"href":"http:\/\/www.portaldelolleria.es\/index.php?rest_route=\/wp\/v2\/posts\/9720\/revisions"}],"predecessor-version":[{"id":9722,"href":"http:\/\/www.portaldelolleria.es\/index.php?rest_route=\/wp\/v2\/posts\/9720\/revisions\/9722"}],"wp:attachment":[{"href":"http:\/\/www.portaldelolleria.es\/index.php?rest_route=%2Fwp%2Fv2%2Fmedia&parent=9720"}],"wp:term":[{"taxonomy":"category","embeddable":true,"href":"http:\/\/www.portaldelolleria.es\/index.php?rest_route=%2Fwp%2Fv2%2Fcategories&post=9720"},{"taxonomy":"post_tag","embeddable":true,"href":"http:\/\/www.portaldelolleria.es\/index.php?rest_route=%2Fwp%2Fv2%2Ftags&post=9720"}],"curies":[{"name":"wp","href":"https:\/\/api.w.org\/{rel}","templated":true}]}}