{"id":9786,"date":"2015-06-26T00:54:12","date_gmt":"2015-06-25T22:54:12","guid":{"rendered":"http:\/\/www.portaldelolleria.es\/?p=9786"},"modified":"2015-06-26T00:54:12","modified_gmt":"2015-06-25T22:54:12","slug":"2%c2%aa-edicion-nadar-sense-parar","status":"publish","type":"post","link":"http:\/\/www.portaldelolleria.es\/?p=9786","title":{"rendered":"2\u00aa Edici\u00f3n \u00abNadar sense parar\u00bb"},"content":{"rendered":"<p><a href=\"http:\/\/www.portaldelolleria.es\/wp-content\/uploads\/2015\/06\/nadarsenseparar.jpg\"><img loading=\"lazy\" class=\"aligncenter size-full wp-image-9787\" title=\"nadarsenseparar\" src=\"http:\/\/www.portaldelolleria.es\/wp-content\/uploads\/2015\/06\/nadarsenseparar.jpg\" alt=\"\" width=\"598\" height=\"398\" srcset=\"http:\/\/www.portaldelolleria.es\/wp-content\/uploads\/2015\/06\/nadarsenseparar.jpg 598w, http:\/\/www.portaldelolleria.es\/wp-content\/uploads\/2015\/06\/nadarsenseparar-300x199.jpg 300w\" sizes=\"(max-width: 598px) 100vw, 598px\" \/><\/a><\/p>\n<p>El pr\u00f3ximo s\u00e1bado 27 de junio, se celebrar\u00e1 la 2\u00aa edici\u00f3n\u00a0 de \u00abnadar sense parar\u00bb, organizado por la empresa\u00a0 Actiesport.<\/p>\n<p>La jornada se celebrar\u00e1 en la piscina municipal de 8 de la ma\u00f1ana a 2 de la tarde,\u00a0 con 4 carriles para nadar 30 minutos.\u00a0 Adem\u00e1s el evento estar\u00e1 complemento con sesiones de Zumba de 12:00 a 13:00 h y Aquaer\u00f3bic de 13:00 a 14:00 h.\u00a0 Los participantes\u00a0 recibiran fruta y refrescos.\u00a0 Todas las actividades seran de 3 euros por usuario.\u00a0 La mitad de la recaudaci\u00f3n se destinar\u00e1 a la asociaci\u00f3n \u00abLLUM\u00bb de l&#8217;Olleria.<\/p>\n<p>Para participar hay que apuntarse el viernes 26\u00a0 en la piscina cubierta.<\/p>\n","protected":false},"excerpt":{"rendered":"<p>El pr\u00f3ximo s\u00e1bado 27 de junio, se celebrar\u00e1 la 2\u00aa edici\u00f3n\u00a0 de \u00abnadar sense parar\u00bb, organizado por la empresa\u00a0 Actiesport. La jornada se celebrar\u00e1 en la piscina municipal de 8 de la ma\u00f1ana a 2 de la tarde,\u00a0 con 4 carriles para nadar 30 minutos.\u00a0 Adem\u00e1s el evento estar\u00e1 complemento con sesiones de Zumba de [&hellip;]<\/p>\n","protected":false},"author":1,"featured_media":0,"comment_status":"closed","ping_status":"open","sticky":false,"template":"","format":"standard","meta":{"_monsterinsights_skip_tracking":false,"_monsterinsights_sitenote_active":false,"_monsterinsights_sitenote_note":"","_monsterinsights_sitenote_category":0},"categories":[9,12],"tags":[618,109,1386,1374],"_links":{"self":[{"href":"http:\/\/www.portaldelolleria.es\/index.php?rest_route=\/wp\/v2\/posts\/9786"}],"collection":[{"href":"http:\/\/www.portaldelolleria.es\/index.php?rest_route=\/wp\/v2\/posts"}],"about":[{"href":"http:\/\/www.portaldelolleria.es\/index.php?rest_route=\/wp\/v2\/types\/post"}],"author":[{"embeddable":true,"href":"http:\/\/www.portaldelolleria.es\/index.php?rest_route=\/wp\/v2\/users\/1"}],"replies":[{"embeddable":true,"href":"http:\/\/www.portaldelolleria.es\/index.php?rest_route=%2Fwp%2Fv2%2Fcomments&post=9786"}],"version-history":[{"count":1,"href":"http:\/\/www.portaldelolleria.es\/index.php?rest_route=\/wp\/v2\/posts\/9786\/revisions"}],"predecessor-version":[{"id":9788,"href":"http:\/\/www.portaldelolleria.es\/index.php?rest_route=\/wp\/v2\/posts\/9786\/revisions\/9788"}],"wp:attachment":[{"href":"http:\/\/www.portaldelolleria.es\/index.php?rest_route=%2Fwp%2Fv2%2Fmedia&parent=9786"}],"wp:term":[{"taxonomy":"category","embeddable":true,"href":"http:\/\/www.portaldelolleria.es\/index.php?rest_route=%2Fwp%2Fv2%2Fcategories&post=9786"},{"taxonomy":"post_tag","embeddable":true,"href":"http:\/\/www.portaldelolleria.es\/index.php?rest_route=%2Fwp%2Fv2%2Ftags&post=9786"}],"curies":[{"name":"wp","href":"https:\/\/api.w.org\/{rel}","templated":true}]}}