{"id":9850,"date":"2015-06-30T16:58:05","date_gmt":"2015-06-30T14:58:05","guid":{"rendered":"http:\/\/www.portaldelolleria.es\/?p=9850"},"modified":"2015-06-30T17:53:50","modified_gmt":"2015-06-30T15:53:50","slug":"acto-de-clausura-del-taller-docupacio-lolleria-social","status":"publish","type":"post","link":"http:\/\/www.portaldelolleria.es\/?p=9850","title":{"rendered":"Acto de clausura del \u00abTaller d&#8217;Ocupaci\u00f3 L&#8217;Olleria Social\u00bb"},"content":{"rendered":"<p><a href=\"http:\/\/www.portaldelolleria.es\/wp-content\/uploads\/2015\/06\/IMG_80721.jpg\"><img loading=\"lazy\" class=\"aligncenter size-full wp-image-9853\" title=\"IMG_8072\" src=\"http:\/\/www.portaldelolleria.es\/wp-content\/uploads\/2015\/06\/IMG_80721.jpg\" alt=\"\" width=\"594\" height=\"380\" srcset=\"http:\/\/www.portaldelolleria.es\/wp-content\/uploads\/2015\/06\/IMG_80721.jpg 1147w, http:\/\/www.portaldelolleria.es\/wp-content\/uploads\/2015\/06\/IMG_80721-300x192.jpg 300w, http:\/\/www.portaldelolleria.es\/wp-content\/uploads\/2015\/06\/IMG_80721-1024x657.jpg 1024w\" sizes=\"(max-width: 594px) 100vw, 594px\" \/><\/a><\/p>\n<p>&nbsp;<\/p>\n<p style=\"text-align: justify;\">Este lunes, en el sal\u00f3n de actos del Ayuntamiento, se celebr\u00f3 el acto de clausura del \u00abTaller d&#8217;Ocupaci\u00f3 L&#8217;Olleria Social\u00bb.\u00a0 Presidido por\u00a0 la Concejala de Bienestar Social, Gloria Mic\u00f3, y con la asistencia del Concejal de Promoci\u00f3n Econ\u00f3mica, Vicent Albinyana y el Director del Taller,\u00a0 Ferran Gasc\u00f3.<\/p>\n<p style=\"text-align: justify;\">El propio Director, abri\u00f3 el turno de intervenciones, describiendo el discurrir del curso, el cual se resumi\u00f3 en un emotivo video.\u00a0 Los agradecimientos, fueron dedicados a los colaboradores del Centro Social, los anteriores Alcalde, Jose Vidal, y Concejala de Bienestar, Gemma Borr\u00e1s, todos ellos presentes en la sala,\u00a0 y en definitiva a sus alumnos, de los cuales en todo momento se mostr\u00f3 satisfecho, tanto por su esfuerzo como dedicaci\u00f3n. Alentandolos en todo momento para que se den cuenta no que no tienen l\u00edmites.<\/p>\n<p style=\"text-align: justify;\">Tras el video, tom\u00f3 la palabra Gloria Mic\u00f3,\u00a0 que enfoc\u00f3 su discurso en el lado humano de la labor que han desarrollado\u00a0 (asistencia a domicilio), lo valioso que resulta una ayuda a las personas que lo necesitan, y el apoyo incalculable que reciben los familiares al tener a su lado alguien que comprende todo el esfuerzo que realizan, siendo adem\u00e1s un elemento de desahogo para los que se ven en esa situaci\u00f3n.<\/p>\n<p style=\"text-align: justify;\">Cerr\u00f3 el turno de intervenciones, Vicent Albinyana,\u00a0 haciendose eco de la buena labor que los alumnos han desempe\u00f1ado, y animandolos a seguir desarrollando esa labor. (en el curso se les dieron nociones de inform\u00e1tica, y de creaci\u00f3n de empresas).\u00a0 El concepto es que no desaprovechen lo que han aprendido, y que profesionalmente insistan en lo que han empezado.<\/p>\n<p style=\"text-align: justify;\">Acabadas las intervenciones se procedi\u00f3 a la entrega de diplomas, as\u00ed como unos detalles de recuerdo,\u00a0 foto de grupo y un temtempi\u00e9 para despedir un curso que a juzgar por lo visto en el video es digno de admiraci\u00f3n.<\/p>\n<p>&nbsp;<\/p>\n\n\t\t<style type=\"text\/css\">\n\t\t\t#gallery-1 {\n\t\t\t\tmargin: auto;\n\t\t\t}\n\t\t\t#gallery-1 .gallery-item {\n\t\t\t\tfloat: left;\n\t\t\t\tmargin-top: 10px;\n\t\t\t\ttext-align: center;\n\t\t\t\twidth: 33%;\n\t\t\t}\n\t\t\t#gallery-1 img {\n\t\t\t\tborder: 2px solid #cfcfcf;\n\t\t\t}\n\t\t\t#gallery-1 .gallery-caption {\n\t\t\t\tmargin-left: 0;\n\t\t\t}\n\t\t\t\/* see gallery_shortcode() in wp-includes\/media.php *\/\n\t\t<\/style>\n\t\t<div id='gallery-1' class='gallery galleryid-9850 gallery-columns-3 gallery-size-thumbnail'><dl class='gallery-item'>\n\t\t\t<dt class='gallery-icon landscape'>\n\t\t\t\t<a href='http:\/\/www.portaldelolleria.es\/wp-content\/uploads\/2015\/06\/IMG_80721.jpg'><img width=\"150\" height=\"150\" src=\"http:\/\/www.portaldelolleria.es\/wp-content\/uploads\/2015\/06\/IMG_80721-150x150.jpg\" class=\"attachment-thumbnail size-thumbnail\" alt=\"\" loading=\"lazy\" \/><\/a>\n\t\t\t<\/dt><\/dl><dl class='gallery-item'>\n\t\t\t<dt class='gallery-icon landscape'>\n\t\t\t\t<a href='http:\/\/www.portaldelolleria.es\/wp-content\/uploads\/2015\/06\/IMG_8051.jpg'><img width=\"150\" height=\"150\" src=\"http:\/\/www.portaldelolleria.es\/wp-content\/uploads\/2015\/06\/IMG_8051-150x150.jpg\" class=\"attachment-thumbnail size-thumbnail\" alt=\"\" loading=\"lazy\" \/><\/a>\n\t\t\t<\/dt><\/dl><dl class='gallery-item'>\n\t\t\t<dt class='gallery-icon landscape'>\n\t\t\t\t<a href='http:\/\/www.portaldelolleria.es\/wp-content\/uploads\/2015\/06\/IMG_8050.jpg'><img width=\"150\" height=\"150\" src=\"http:\/\/www.portaldelolleria.es\/wp-content\/uploads\/2015\/06\/IMG_8050-150x150.jpg\" class=\"attachment-thumbnail size-thumbnail\" alt=\"\" loading=\"lazy\" \/><\/a>\n\t\t\t<\/dt><\/dl><br style=\"clear: both\" \/><dl class='gallery-item'>\n\t\t\t<dt class='gallery-icon landscape'>\n\t\t\t\t<a href='http:\/\/www.portaldelolleria.es\/wp-content\/uploads\/2015\/06\/IMG_4615.jpg'><img width=\"150\" height=\"150\" src=\"http:\/\/www.portaldelolleria.es\/wp-content\/uploads\/2015\/06\/IMG_4615-150x150.jpg\" class=\"attachment-thumbnail size-thumbnail\" alt=\"\" loading=\"lazy\" \/><\/a>\n\t\t\t<\/dt><\/dl><dl class='gallery-item'>\n\t\t\t<dt class='gallery-icon portrait'>\n\t\t\t\t<a href='http:\/\/www.portaldelolleria.es\/wp-content\/uploads\/2015\/06\/IMG_4613.jpg'><img width=\"150\" height=\"150\" src=\"http:\/\/www.portaldelolleria.es\/wp-content\/uploads\/2015\/06\/IMG_4613-150x150.jpg\" class=\"attachment-thumbnail size-thumbnail\" alt=\"\" loading=\"lazy\" \/><\/a>\n\t\t\t<\/dt><\/dl><dl class='gallery-item'>\n\t\t\t<dt class='gallery-icon portrait'>\n\t\t\t\t<a href='http:\/\/www.portaldelolleria.es\/wp-content\/uploads\/2015\/06\/IMG_4612.jpg'><img width=\"150\" height=\"150\" src=\"http:\/\/www.portaldelolleria.es\/wp-content\/uploads\/2015\/06\/IMG_4612-150x150.jpg\" class=\"attachment-thumbnail size-thumbnail\" alt=\"\" loading=\"lazy\" \/><\/a>\n\t\t\t<\/dt><\/dl><br style=\"clear: both\" \/><dl class='gallery-item'>\n\t\t\t<dt class='gallery-icon portrait'>\n\t\t\t\t<a href='http:\/\/www.portaldelolleria.es\/wp-content\/uploads\/2015\/06\/IMG_4610.jpg'><img width=\"150\" height=\"150\" src=\"http:\/\/www.portaldelolleria.es\/wp-content\/uploads\/2015\/06\/IMG_4610-150x150.jpg\" class=\"attachment-thumbnail size-thumbnail\" alt=\"\" loading=\"lazy\" \/><\/a>\n\t\t\t<\/dt><\/dl><dl class='gallery-item'>\n\t\t\t<dt class='gallery-icon portrait'>\n\t\t\t\t<a href='http:\/\/www.portaldelolleria.es\/wp-content\/uploads\/2015\/06\/IMG_4608.jpg'><img width=\"150\" height=\"150\" src=\"http:\/\/www.portaldelolleria.es\/wp-content\/uploads\/2015\/06\/IMG_4608-150x150.jpg\" class=\"attachment-thumbnail size-thumbnail\" alt=\"\" loading=\"lazy\" \/><\/a>\n\t\t\t<\/dt><\/dl><dl class='gallery-item'>\n\t\t\t<dt class='gallery-icon portrait'>\n\t\t\t\t<a href='http:\/\/www.portaldelolleria.es\/wp-content\/uploads\/2015\/06\/IMG_4606.jpg'><img width=\"150\" height=\"150\" src=\"http:\/\/www.portaldelolleria.es\/wp-content\/uploads\/2015\/06\/IMG_4606-150x150.jpg\" class=\"attachment-thumbnail size-thumbnail\" alt=\"\" loading=\"lazy\" \/><\/a>\n\t\t\t<\/dt><\/dl><br style=\"clear: both\" \/><dl class='gallery-item'>\n\t\t\t<dt class='gallery-icon portrait'>\n\t\t\t\t<a href='http:\/\/www.portaldelolleria.es\/wp-content\/uploads\/2015\/06\/IMG_4604.jpg'><img width=\"150\" height=\"150\" src=\"http:\/\/www.portaldelolleria.es\/wp-content\/uploads\/2015\/06\/IMG_4604-150x150.jpg\" class=\"attachment-thumbnail size-thumbnail\" alt=\"\" loading=\"lazy\" \/><\/a>\n\t\t\t<\/dt><\/dl><dl class='gallery-item'>\n\t\t\t<dt class='gallery-icon portrait'>\n\t\t\t\t<a href='http:\/\/www.portaldelolleria.es\/wp-content\/uploads\/2015\/06\/IMG_4602.jpg'><img width=\"150\" height=\"150\" src=\"http:\/\/www.portaldelolleria.es\/wp-content\/uploads\/2015\/06\/IMG_4602-150x150.jpg\" class=\"attachment-thumbnail size-thumbnail\" alt=\"\" loading=\"lazy\" \/><\/a>\n\t\t\t<\/dt><\/dl><dl class='gallery-item'>\n\t\t\t<dt class='gallery-icon portrait'>\n\t\t\t\t<a href='http:\/\/www.portaldelolleria.es\/wp-content\/uploads\/2015\/06\/IMG_4600-2.jpg'><img width=\"150\" height=\"150\" src=\"http:\/\/www.portaldelolleria.es\/wp-content\/uploads\/2015\/06\/IMG_4600-2-150x150.jpg\" class=\"attachment-thumbnail size-thumbnail\" alt=\"\" loading=\"lazy\" \/><\/a>\n\t\t\t<\/dt><\/dl><br style=\"clear: both\" \/><dl class='gallery-item'>\n\t\t\t<dt class='gallery-icon portrait'>\n\t\t\t\t<a href='http:\/\/www.portaldelolleria.es\/wp-content\/uploads\/2015\/06\/IMG_4599-2.jpg'><img width=\"150\" height=\"150\" src=\"http:\/\/www.portaldelolleria.es\/wp-content\/uploads\/2015\/06\/IMG_4599-2-150x150.jpg\" class=\"attachment-thumbnail size-thumbnail\" alt=\"\" loading=\"lazy\" \/><\/a>\n\t\t\t<\/dt><\/dl><dl class='gallery-item'>\n\t\t\t<dt class='gallery-icon portrait'>\n\t\t\t\t<a href='http:\/\/www.portaldelolleria.es\/wp-content\/uploads\/2015\/06\/IMG_4596-2.jpg'><img width=\"150\" height=\"150\" src=\"http:\/\/www.portaldelolleria.es\/wp-content\/uploads\/2015\/06\/IMG_4596-2-150x150.jpg\" class=\"attachment-thumbnail size-thumbnail\" alt=\"\" loading=\"lazy\" \/><\/a>\n\t\t\t<\/dt><\/dl><dl class='gallery-item'>\n\t\t\t<dt class='gallery-icon portrait'>\n\t\t\t\t<a href='http:\/\/www.portaldelolleria.es\/wp-content\/uploads\/2015\/06\/IMG_4595.jpg'><img width=\"150\" height=\"150\" src=\"http:\/\/www.portaldelolleria.es\/wp-content\/uploads\/2015\/06\/IMG_4595-150x150.jpg\" class=\"attachment-thumbnail size-thumbnail\" alt=\"\" loading=\"lazy\" \/><\/a>\n\t\t\t<\/dt><\/dl><br style=\"clear: both\" \/>\n\t\t<\/div>\n\n","protected":false},"excerpt":{"rendered":"<p>&nbsp; Este lunes, en el sal\u00f3n de actos del Ayuntamiento, se celebr\u00f3 el acto de clausura del \u00abTaller d&#8217;Ocupaci\u00f3 L&#8217;Olleria Social\u00bb.\u00a0 Presidido por\u00a0 la Concejala de Bienestar Social, Gloria Mic\u00f3, y con la asistencia del Concejal de Promoci\u00f3n Econ\u00f3mica, Vicent Albinyana y el Director del Taller,\u00a0 Ferran Gasc\u00f3. El propio Director, abri\u00f3 el turno de [&hellip;]<\/p>\n","protected":false},"author":1,"featured_media":0,"comment_status":"closed","ping_status":"open","sticky":false,"template":"","format":"standard","meta":{"_monsterinsights_skip_tracking":false,"_monsterinsights_sitenote_active":false,"_monsterinsights_sitenote_note":"","_monsterinsights_sitenote_category":0},"categories":[11,12],"tags":[182,20,1390,643,89],"_links":{"self":[{"href":"http:\/\/www.portaldelolleria.es\/index.php?rest_route=\/wp\/v2\/posts\/9850"}],"collection":[{"href":"http:\/\/www.portaldelolleria.es\/index.php?rest_route=\/wp\/v2\/posts"}],"about":[{"href":"http:\/\/www.portaldelolleria.es\/index.php?rest_route=\/wp\/v2\/types\/post"}],"author":[{"embeddable":true,"href":"http:\/\/www.portaldelolleria.es\/index.php?rest_route=\/wp\/v2\/users\/1"}],"replies":[{"embeddable":true,"href":"http:\/\/www.portaldelolleria.es\/index.php?rest_route=%2Fwp%2Fv2%2Fcomments&post=9850"}],"version-history":[{"count":9,"href":"http:\/\/www.portaldelolleria.es\/index.php?rest_route=\/wp\/v2\/posts\/9850\/revisions"}],"predecessor-version":[{"id":9879,"href":"http:\/\/www.portaldelolleria.es\/index.php?rest_route=\/wp\/v2\/posts\/9850\/revisions\/9879"}],"wp:attachment":[{"href":"http:\/\/www.portaldelolleria.es\/index.php?rest_route=%2Fwp%2Fv2%2Fmedia&parent=9850"}],"wp:term":[{"taxonomy":"category","embeddable":true,"href":"http:\/\/www.portaldelolleria.es\/index.php?rest_route=%2Fwp%2Fv2%2Fcategories&post=9850"},{"taxonomy":"post_tag","embeddable":true,"href":"http:\/\/www.portaldelolleria.es\/index.php?rest_route=%2Fwp%2Fv2%2Ftags&post=9850"}],"curies":[{"name":"wp","href":"https:\/\/api.w.org\/{rel}","templated":true}]}}