{"id":9872,"date":"2015-06-30T17:32:57","date_gmt":"2015-06-30T15:32:57","guid":{"rendered":"http:\/\/www.portaldelolleria.es\/?p=9872"},"modified":"2015-07-02T20:45:13","modified_gmt":"2015-07-02T18:45:13","slug":"recepcion-a-los-participantes-de-la-dipu-te-beca","status":"publish","type":"post","link":"http:\/\/www.portaldelolleria.es\/?p=9872","title":{"rendered":"Recepci\u00f3n a los participantes de \u00abla Dipu te beca\u00bb"},"content":{"rendered":"<p><a href=\"http:\/\/www.portaldelolleria.es\/wp-content\/uploads\/2015\/06\/becarios2015_olleria.jpg\"><img loading=\"lazy\" class=\"aligncenter size-full wp-image-9873\" title=\"becarios2015_olleria\" src=\"http:\/\/www.portaldelolleria.es\/wp-content\/uploads\/2015\/06\/becarios2015_olleria.jpg\" alt=\"\" width=\"597\" height=\"384\" srcset=\"http:\/\/www.portaldelolleria.es\/wp-content\/uploads\/2015\/06\/becarios2015_olleria.jpg 1069w, http:\/\/www.portaldelolleria.es\/wp-content\/uploads\/2015\/06\/becarios2015_olleria-300x193.jpg 300w, http:\/\/www.portaldelolleria.es\/wp-content\/uploads\/2015\/06\/becarios2015_olleria-1024x659.jpg 1024w\" sizes=\"(max-width: 597px) 100vw, 597px\" \/><\/a><\/p>\n<p>&nbsp;<\/p>\n<p>Esta ma\u00f1ana, se celebr\u00f3 la \u00abtradicional\u00bb recepci\u00f3n de jovenes participantes en el programa formativo \u00abLa Dipu te beca 2015\u00bb.\u00a0\u00a0 Convocados en la Sala de Juntas, fueron recibidos, por el Concejal de Promoci\u00f3n Econ\u00f3mica, Vicent Albinyana, y la Teniente de Alcade, Ruth Mart\u00ednez.\u00a0 Ambos se encargaron de transmitir a los seleccionados,\u00a0 tanto la ocasi\u00f3n que se les presenta,\u00a0 como el aprovechar la oportunidad, para adquirir todos los conocimiento y experiencia que puedan, en la que para muchos de ellos ser\u00e1 su primera experiencia laboral.<\/p>\n<p>Al igual que a\u00f1os anteriores, el programa formativo durar\u00e1 un mes en vez de dos, lo que permite que salvo determinadas labores, casi el doble de becarios puedan disfrutar de esta oportunidad.<\/p>\n<p>video <a href=\"http:\/\/www.comarcal.tv\/noticia.php?video=1917\" target=\"_blank\">comarcaltv<\/a><\/p>\n<p><iframe loading=\"lazy\" src=\"http:\/\/www.comarcal.tv\/video\/020715becariso.mp4\" frameborder=\"0\" width=\"640\" height=\"360\"><\/iframe><\/p>\n","protected":false},"excerpt":{"rendered":"<p>&nbsp; Esta ma\u00f1ana, se celebr\u00f3 la \u00abtradicional\u00bb recepci\u00f3n de jovenes participantes en el programa formativo \u00abLa Dipu te beca 2015\u00bb.\u00a0\u00a0 Convocados en la Sala de Juntas, fueron recibidos, por el Concejal de Promoci\u00f3n Econ\u00f3mica, Vicent Albinyana, y la Teniente de Alcade, Ruth Mart\u00ednez.\u00a0 Ambos se encargaron de transmitir a los seleccionados,\u00a0 tanto la ocasi\u00f3n que [&hellip;]<\/p>\n","protected":false},"author":1,"featured_media":0,"comment_status":"closed","ping_status":"open","sticky":false,"template":"","format":"standard","meta":{"_monsterinsights_skip_tracking":false,"_monsterinsights_sitenote_active":false,"_monsterinsights_sitenote_note":"","_monsterinsights_sitenote_category":0},"categories":[11,12],"tags":[1130,199,1391,20],"_links":{"self":[{"href":"http:\/\/www.portaldelolleria.es\/index.php?rest_route=\/wp\/v2\/posts\/9872"}],"collection":[{"href":"http:\/\/www.portaldelolleria.es\/index.php?rest_route=\/wp\/v2\/posts"}],"about":[{"href":"http:\/\/www.portaldelolleria.es\/index.php?rest_route=\/wp\/v2\/types\/post"}],"author":[{"embeddable":true,"href":"http:\/\/www.portaldelolleria.es\/index.php?rest_route=\/wp\/v2\/users\/1"}],"replies":[{"embeddable":true,"href":"http:\/\/www.portaldelolleria.es\/index.php?rest_route=%2Fwp%2Fv2%2Fcomments&post=9872"}],"version-history":[{"count":9,"href":"http:\/\/www.portaldelolleria.es\/index.php?rest_route=\/wp\/v2\/posts\/9872\/revisions"}],"predecessor-version":[{"id":9942,"href":"http:\/\/www.portaldelolleria.es\/index.php?rest_route=\/wp\/v2\/posts\/9872\/revisions\/9942"}],"wp:attachment":[{"href":"http:\/\/www.portaldelolleria.es\/index.php?rest_route=%2Fwp%2Fv2%2Fmedia&parent=9872"}],"wp:term":[{"taxonomy":"category","embeddable":true,"href":"http:\/\/www.portaldelolleria.es\/index.php?rest_route=%2Fwp%2Fv2%2Fcategories&post=9872"},{"taxonomy":"post_tag","embeddable":true,"href":"http:\/\/www.portaldelolleria.es\/index.php?rest_route=%2Fwp%2Fv2%2Ftags&post=9872"}],"curies":[{"name":"wp","href":"https:\/\/api.w.org\/{rel}","templated":true}]}}