{"id":9885,"date":"2015-07-02T00:24:04","date_gmt":"2015-07-01T22:24:04","guid":{"rendered":"http:\/\/www.portaldelolleria.es\/?p=9885"},"modified":"2015-07-02T20:33:19","modified_gmt":"2015-07-02T18:33:19","slug":"cambio-de-presidencia-en-la-mancomunitat-de-la-vall","status":"publish","type":"post","link":"http:\/\/www.portaldelolleria.es\/?p=9885","title":{"rendered":"Cambio de presidencia en la \u00abMancomunitat de la Vall d&#8217;Albaida\u00bb"},"content":{"rendered":"<p><a href=\"http:\/\/www.portaldelolleria.es\/wp-content\/uploads\/2015\/07\/vicent-gomar.jpg\"><img loading=\"lazy\" class=\"aligncenter size-full wp-image-9886\" title=\"vicent gomar\" src=\"http:\/\/www.portaldelolleria.es\/wp-content\/uploads\/2015\/07\/vicent-gomar.jpg\" alt=\"\" width=\"598\" height=\"398\" srcset=\"http:\/\/www.portaldelolleria.es\/wp-content\/uploads\/2015\/07\/vicent-gomar.jpg 598w, http:\/\/www.portaldelolleria.es\/wp-content\/uploads\/2015\/07\/vicent-gomar-300x199.jpg 300w\" sizes=\"(max-width: 598px) 100vw, 598px\" \/><\/a><\/p>\n<p>&nbsp;<\/p>\n<p style=\"text-align: justify;\">Cambio en la presidencia de la Mancomunitat de Municipis de la Vall d&#8217;Albaida.<\/p>\n<p style=\"text-align: justify;\">Vicent Gomar, se convirti\u00f3 este lunes, 29 de junio de 2015, en el nuevo presidente de la Mancomunitat de Municipis de la Vall d\u2019Albaida.<\/p>\n<p style=\"text-align: justify;\">El Pleno de la Mancomunitat eligi\u00f3 tambi\u00e9n a la socialista de Ontinyent, Rebeca Torr\u00f3, como vicepresidenta.<\/p>\n<p style=\"text-align: justify;\">El Alcalde de La Pobla del Duc ha recibido los votos de los alcaldes socialistas, adem\u00e1s de los de los municipios de Llutxent y Montitxelvo, consiguiendo la mayor\u00eda absoluta. La vicepresidenta ser\u00e1, Rebeca Torr\u00f3, tambi\u00e9n socialista, quien formar\u00e1 parte de la Mancomunitat en representaci\u00f3n del Ayuntamiento de Ontinyent.<\/p>\n<p style=\"text-align: justify;\">Para esta legislatura, el sistema de Gobierno de la Mancomunitat se ha modificado. Ahora los representantes de la Mancomunitat son directamente los alcaldes, el voto de ellos equivale al n\u00famero de concejales de su Ayuntamiento. De esta manera, los catorce alcaldes del PSPV-PSOE han llegado a los 126 votos de los 144 necesarios para llegar a la mayor\u00eda absoluta. Los votos de los Alcaldes de Llutxent y Montitxelvo, candidatos de listas independientes pero con integrantes socialistas determinaron el resultado de la elecci\u00f3n.<\/p>\n<p style=\"text-align: justify;\">video de <a href=\"http:\/\/www.comarcal.tv\/telenoticies.php\" target=\"_blank\">comarcaltv<\/a><\/p>\n<p><iframe loading=\"lazy\" src=\"http:\/\/www.comarcal.tv\/video\/300615gomar.mp4\" frameborder=\"0\" width=\"598\" height=\"449\"><\/iframe><\/p>\n","protected":false},"excerpt":{"rendered":"<p>&nbsp; Cambio en la presidencia de la Mancomunitat de Municipis de la Vall d&#8217;Albaida. Vicent Gomar, se convirti\u00f3 este lunes, 29 de junio de 2015, en el nuevo presidente de la Mancomunitat de Municipis de la Vall d\u2019Albaida. El Pleno de la Mancomunitat eligi\u00f3 tambi\u00e9n a la socialista de Ontinyent, Rebeca Torr\u00f3, como vicepresidenta. El [&hellip;]<\/p>\n","protected":false},"author":1,"featured_media":0,"comment_status":"closed","ping_status":"open","sticky":false,"template":"","format":"standard","meta":{"_monsterinsights_skip_tracking":false,"_monsterinsights_sitenote_active":false,"_monsterinsights_sitenote_note":"","_monsterinsights_sitenote_category":0},"categories":[3,12],"tags":[1392,113,101,209],"_links":{"self":[{"href":"http:\/\/www.portaldelolleria.es\/index.php?rest_route=\/wp\/v2\/posts\/9885"}],"collection":[{"href":"http:\/\/www.portaldelolleria.es\/index.php?rest_route=\/wp\/v2\/posts"}],"about":[{"href":"http:\/\/www.portaldelolleria.es\/index.php?rest_route=\/wp\/v2\/types\/post"}],"author":[{"embeddable":true,"href":"http:\/\/www.portaldelolleria.es\/index.php?rest_route=\/wp\/v2\/users\/1"}],"replies":[{"embeddable":true,"href":"http:\/\/www.portaldelolleria.es\/index.php?rest_route=%2Fwp%2Fv2%2Fcomments&post=9885"}],"version-history":[{"count":6,"href":"http:\/\/www.portaldelolleria.es\/index.php?rest_route=\/wp\/v2\/posts\/9885\/revisions"}],"predecessor-version":[{"id":9938,"href":"http:\/\/www.portaldelolleria.es\/index.php?rest_route=\/wp\/v2\/posts\/9885\/revisions\/9938"}],"wp:attachment":[{"href":"http:\/\/www.portaldelolleria.es\/index.php?rest_route=%2Fwp%2Fv2%2Fmedia&parent=9885"}],"wp:term":[{"taxonomy":"category","embeddable":true,"href":"http:\/\/www.portaldelolleria.es\/index.php?rest_route=%2Fwp%2Fv2%2Fcategories&post=9885"},{"taxonomy":"post_tag","embeddable":true,"href":"http:\/\/www.portaldelolleria.es\/index.php?rest_route=%2Fwp%2Fv2%2Ftags&post=9885"}],"curies":[{"name":"wp","href":"https:\/\/api.w.org\/{rel}","templated":true}]}}