{"id":9891,"date":"2015-07-01T14:46:32","date_gmt":"2015-07-01T12:46:32","guid":{"rendered":"http:\/\/www.portaldelolleria.es\/?p=9891"},"modified":"2015-07-02T20:32:22","modified_gmt":"2015-07-02T18:32:22","slug":"presentacion-v-curso-de-direccion-musical-la-nova-de-lolleria","status":"publish","type":"post","link":"http:\/\/www.portaldelolleria.es\/?p=9891","title":{"rendered":"Presentaci\u00f3n V Curso de Direcci\u00f3n Musical \u00abLa Nova de l&#8217;Olleria\u00bb"},"content":{"rendered":"<p><a href=\"http:\/\/www.portaldelolleria.es\/wp-content\/uploads\/2015\/07\/enrique-asensio_olleria.jpg\"><img loading=\"lazy\" class=\"aligncenter size-full wp-image-9897\" title=\"enrique asensio_olleria\" src=\"http:\/\/www.portaldelolleria.es\/wp-content\/uploads\/2015\/07\/enrique-asensio_olleria.jpg\" alt=\"\" width=\"598\" height=\"398\" srcset=\"http:\/\/www.portaldelolleria.es\/wp-content\/uploads\/2015\/07\/enrique-asensio_olleria.jpg 598w, http:\/\/www.portaldelolleria.es\/wp-content\/uploads\/2015\/07\/enrique-asensio_olleria-300x199.jpg 300w\" sizes=\"(max-width: 598px) 100vw, 598px\" \/><\/a><\/p>\n<p>&nbsp;<\/p>\n<p>El Curso de Direcci\u00f3n Musical organizado por \u00abLa Nova de l&#8217;Olleria\u00bb, llega a su quinta edici\u00f3n.\u00a0 El pasado miercoles en la sala de juntas del Ayuntamiento, se celebr\u00f3 la presentaci\u00f3n del curso, que cont\u00f3 con la participaci\u00f3n de Pilar Garc\u00eda Momp\u00f3, Presidenta de la Agrupaci\u00f3n y el coordinador del curso, Jos\u00e9 Ure\u00f1a Eiras,\u00a0 adem\u00e1s de H\u00e9ctor Such, Concejal de Cultura, y el\u00a0 Alcalde Juli\u00e0 Engo.<\/p>\n<p>El Curso que este a\u00f1o volver\u00e1 a ser impartido por el prestigioso maestro Enrique Garc\u00eda Asensio, se desarrollar\u00e1 del 20 al 25 de julio.\u00a0 El mismo 25, se celebrar\u00e1 el Concierto de Clausura en el Teatro Goya.<\/p>\n<p>descargar <a href=\"http:\/\/www.lolleria.org\/banners\/images.pdf\" target=\"_blank\">d\u00edptico informativo<\/a><\/p>\n<p><a href=\"http:\/\/www.portaldelolleria.es\/wp-content\/uploads\/2015\/07\/curso-de-direccion_olleria.jpg\"><img loading=\"lazy\" class=\"aligncenter size-full wp-image-9892\" title=\"curso de direccion_olleria\" src=\"http:\/\/www.portaldelolleria.es\/wp-content\/uploads\/2015\/07\/curso-de-direccion_olleria.jpg\" alt=\"\" width=\"598\" height=\"398\" srcset=\"http:\/\/www.portaldelolleria.es\/wp-content\/uploads\/2015\/07\/curso-de-direccion_olleria.jpg 598w, http:\/\/www.portaldelolleria.es\/wp-content\/uploads\/2015\/07\/curso-de-direccion_olleria-300x199.jpg 300w\" sizes=\"(max-width: 598px) 100vw, 598px\" \/><\/a>video de <a href=\"http:\/\/www.comarcal.tv\/telenoticies.php\" target=\"_blank\">comarcaltv<\/a><\/p>\n<p><iframe loading=\"lazy\" src=\"http:\/\/www.comarcal.tv\/video\/020715musica.mp4\" frameborder=\"0\" width=\"598\" height=\"499\"><\/iframe><\/p>\n<p><a href=\"http:\/\/www.portaldelolleria.es\/wp-content\/uploads\/2015\/07\/V-curso-de-direccion-musical_olleria.jpg\"><img loading=\"lazy\" class=\"aligncenter size-full wp-image-9896\" title=\"V curso de direccion musical_olleria\" src=\"http:\/\/www.portaldelolleria.es\/wp-content\/uploads\/2015\/07\/V-curso-de-direccion-musical_olleria.jpg\" alt=\"\" width=\"598\" height=\"870\" srcset=\"http:\/\/www.portaldelolleria.es\/wp-content\/uploads\/2015\/07\/V-curso-de-direccion-musical_olleria.jpg 598w, http:\/\/www.portaldelolleria.es\/wp-content\/uploads\/2015\/07\/V-curso-de-direccion-musical_olleria-206x300.jpg 206w\" sizes=\"(max-width: 598px) 100vw, 598px\" \/><\/a><\/p>\n","protected":false},"excerpt":{"rendered":"<p>&nbsp; El Curso de Direcci\u00f3n Musical organizado por \u00abLa Nova de l&#8217;Olleria\u00bb, llega a su quinta edici\u00f3n.\u00a0 El pasado miercoles en la sala de juntas del Ayuntamiento, se celebr\u00f3 la presentaci\u00f3n del curso, que cont\u00f3 con la participaci\u00f3n de Pilar Garc\u00eda Momp\u00f3, Presidenta de la Agrupaci\u00f3n y el coordinador del curso, Jos\u00e9 Ure\u00f1a Eiras,\u00a0 adem\u00e1s [&hellip;]<\/p>\n","protected":false},"author":1,"featured_media":0,"comment_status":"closed","ping_status":"open","sticky":false,"template":"","format":"standard","meta":{"_monsterinsights_skip_tracking":false,"_monsterinsights_sitenote_active":false,"_monsterinsights_sitenote_note":"","_monsterinsights_sitenote_category":0},"categories":[16,12],"tags":[276,1393,20,217],"_links":{"self":[{"href":"http:\/\/www.portaldelolleria.es\/index.php?rest_route=\/wp\/v2\/posts\/9891"}],"collection":[{"href":"http:\/\/www.portaldelolleria.es\/index.php?rest_route=\/wp\/v2\/posts"}],"about":[{"href":"http:\/\/www.portaldelolleria.es\/index.php?rest_route=\/wp\/v2\/types\/post"}],"author":[{"embeddable":true,"href":"http:\/\/www.portaldelolleria.es\/index.php?rest_route=\/wp\/v2\/users\/1"}],"replies":[{"embeddable":true,"href":"http:\/\/www.portaldelolleria.es\/index.php?rest_route=%2Fwp%2Fv2%2Fcomments&post=9891"}],"version-history":[{"count":12,"href":"http:\/\/www.portaldelolleria.es\/index.php?rest_route=\/wp\/v2\/posts\/9891\/revisions"}],"predecessor-version":[{"id":9935,"href":"http:\/\/www.portaldelolleria.es\/index.php?rest_route=\/wp\/v2\/posts\/9891\/revisions\/9935"}],"wp:attachment":[{"href":"http:\/\/www.portaldelolleria.es\/index.php?rest_route=%2Fwp%2Fv2%2Fmedia&parent=9891"}],"wp:term":[{"taxonomy":"category","embeddable":true,"href":"http:\/\/www.portaldelolleria.es\/index.php?rest_route=%2Fwp%2Fv2%2Fcategories&post=9891"},{"taxonomy":"post_tag","embeddable":true,"href":"http:\/\/www.portaldelolleria.es\/index.php?rest_route=%2Fwp%2Fv2%2Ftags&post=9891"}],"curies":[{"name":"wp","href":"https:\/\/api.w.org\/{rel}","templated":true}]}}